{"id":1447,"date":"2026-04-27T10:26:48","date_gmt":"2026-04-27T16:26:48","guid":{"rendered":"https:\/\/eldiariorepublicamx.com\/?p=1447"},"modified":"2026-04-27T10:26:48","modified_gmt":"2026-04-27T16:26:48","slug":"presidenta-sheinbaum-encabeza-conferencia-matutina-abordando-plan-de-vivienda-y-tren-interoceanico","status":"publish","type":"post","link":"https:\/\/eldiariorepublicamx.com\/?p=1447","title":{"rendered":"Presidenta Sheinbaum encabeza conferencia matutina abordando Plan de Vivienda y Tren Interoce\u00e1nico"},"content":{"rendered":"<p>La presidenta Claudia Sheinbaum Pardo presidi\u00f3 la emisi\u00f3n de &#8216;La Ma\u00f1anera del Pueblo&#8217; este lunes 27 de abril de 2026, desde las instalaciones de Palacio Nacional en la capital del pa\u00eds.<\/p>\n<h3>Temas centrales de la conferencia<\/h3>\n<p>La sesi\u00f3n matutina incluy\u00f3 una diversidad de asuntos, entre los que destacaron anuncios relacionados con infraestructura y programas de apoyo social, as\u00ed como posiciones sobre relaciones internacionales y cambios en materia legislativa.<\/p>\n<p>Durante el encuentro, se dieron a conocer progresos en proyectos de obra p\u00fablica que cuentan con la colaboraci\u00f3n tanto del gobierno federal como de las administraciones estatales.<\/p>\n<h3>Obras y proyectos espec\u00edficos<\/h3>\n<p>Entre los puntos tratados, la mandataria se refiri\u00f3 al Plan Nacional de Vivienda y a la puesta en operaci\u00f3n de nuevas estaciones pertenecientes al Tren Interoce\u00e1nico.<\/p>\n","protected":false},"excerpt":{"rendered":"<p>La presidenta Claudia Sheinbaum Pardo presidi\u00f3 la emisi\u00f3n de &#8216;La Ma\u00f1anera del Pueblo&#8217; este lunes 27 de abril de 2026, desde las instalaciones de Palacio&hellip;<\/p>\n","protected":false},"author":2,"featured_media":1448,"comment_status":"open","ping_status":"open","sticky":false,"template":"","format":"standard","meta":{"footnotes":""},"categories":[251],"tags":[13,404,17,1196,1197],"class_list":["post-1447","post","type-post","status-publish","format-standard","has-post-thumbnail","hentry","category-la-mananera-en-breve","tag-claudia-sheinbaum","tag-mananera","tag-palacio-nacional","tag-plan-nacional-de-vivienda","tag-tren-interoceanico"],"_links":{"self":[{"href":"https:\/\/eldiariorepublicamx.com\/index.php?rest_route=\/wp\/v2\/posts\/1447","targetHints":{"allow":["GET"]}}],"collection":[{"href":"https:\/\/eldiariorepublicamx.com\/index.php?rest_route=\/wp\/v2\/posts"}],"about":[{"href":"https:\/\/eldiariorepublicamx.com\/index.php?rest_route=\/wp\/v2\/types\/post"}],"author":[{"embeddable":true,"href":"https:\/\/eldiariorepublicamx.com\/index.php?rest_route=\/wp\/v2\/users\/2"}],"replies":[{"embeddable":true,"href":"https:\/\/eldiariorepublicamx.com\/index.php?rest_route=%2Fwp%2Fv2%2Fcomments&post=1447"}],"version-history":[{"count":0,"href":"https:\/\/eldiariorepublicamx.com\/index.php?rest_route=\/wp\/v2\/posts\/1447\/revisions"}],"wp:featuredmedia":[{"embeddable":true,"href":"https:\/\/eldiariorepublicamx.com\/index.php?rest_route=\/wp\/v2\/media\/1448"}],"wp:attachment":[{"href":"https:\/\/eldiariorepublicamx.com\/index.php?rest_route=%2Fwp%2Fv2%2Fmedia&parent=1447"}],"wp:term":[{"taxonomy":"category","embeddable":true,"href":"https:\/\/eldiariorepublicamx.com\/index.php?rest_route=%2Fwp%2Fv2%2Fcategories&post=1447"},{"taxonomy":"post_tag","embeddable":true,"href":"https:\/\/eldiariorepublicamx.com\/index.php?rest_route=%2Fwp%2Fv2%2Ftags&post=1447"}],"curies":[{"name":"wp","href":"https:\/\/api.w.org\/{rel}","templated":true}]}}