{"id":1443,"date":"2026-04-27T10:26:33","date_gmt":"2026-04-27T16:26:33","guid":{"rendered":"https:\/\/eldiariorepublicamx.com\/?p=1443"},"modified":"2026-04-27T10:26:33","modified_gmt":"2026-04-27T16:26:33","slug":"torero-sevillano-manuel-escribano-corta-la-unica-oreja-en-el-cierre-de-la-feria-de-abril-2026","status":"publish","type":"post","link":"https:\/\/eldiariorepublicamx.com\/?p=1443","title":{"rendered":"Torero sevillano Manuel Escribano corta la \u00fanica oreja en el cierre de la Feria de Abril 2026"},"content":{"rendered":"<p>El diestro Manuel Escribano fue el \u00fanico torero en lograr una oreja durante la \u00faltima corrida de la Feria de Abril 2026, celebrada este lunes 27 de abril con ganado de la ganader\u00eda de Miura.<\/p>\n<h3>Declaraciones del triunfador<\/h3>\n<p>Al finalizar el festejo, el torero de Gerena ofreci\u00f3 unas breves palabras a los medios de Canal Sur Televisi\u00f3n, expresando su satisfacci\u00f3n por la jornada. <\/p>\n<blockquote><p>\u2018Creo que la gente se ha divertido, ha sido una tarde muy entretenida. En mi caso la he podido disfrutar mucho y me siento muy orgulloso de la tarde que he echado porque los dos toros ten\u00edan su trabajito, pero tirando de temple y de lo que tiene uno las cosas salen. Estoy muy feliz por haber cortado la oreja\u2019<\/p><\/blockquote>\n<p>, se\u00f1al\u00f3 Escribano.<\/p>\n<p>Con este resultado, el sevillano se convirti\u00f3 en el \u00faltimo matador en puntuar dentro del serial taurino de la Feria de Abril de este a\u00f1o.<\/p>\n","protected":false},"excerpt":{"rendered":"<p>El diestro Manuel Escribano fue el \u00fanico torero en lograr una oreja durante la \u00faltima corrida de la Feria de Abril 2026, celebrada este lunes&hellip;<\/p>\n","protected":false},"author":2,"featured_media":1444,"comment_status":"open","ping_status":"open","sticky":false,"template":"","format":"standard","meta":{"footnotes":""},"categories":[290],"tags":[1191,1188,1192,1190,1189],"class_list":["post-1443","post","type-post","status-publish","format-standard","has-post-thumbnail","hentry","category-sociedad-y-cultura","tag-feria-de-abril","tag-manuel-escribano","tag-miura","tag-oreja","tag-torero"],"_links":{"self":[{"href":"https:\/\/eldiariorepublicamx.com\/index.php?rest_route=\/wp\/v2\/posts\/1443","targetHints":{"allow":["GET"]}}],"collection":[{"href":"https:\/\/eldiariorepublicamx.com\/index.php?rest_route=\/wp\/v2\/posts"}],"about":[{"href":"https:\/\/eldiariorepublicamx.com\/index.php?rest_route=\/wp\/v2\/types\/post"}],"author":[{"embeddable":true,"href":"https:\/\/eldiariorepublicamx.com\/index.php?rest_route=\/wp\/v2\/users\/2"}],"replies":[{"embeddable":true,"href":"https:\/\/eldiariorepublicamx.com\/index.php?rest_route=%2Fwp%2Fv2%2Fcomments&post=1443"}],"version-history":[{"count":0,"href":"https:\/\/eldiariorepublicamx.com\/index.php?rest_route=\/wp\/v2\/posts\/1443\/revisions"}],"wp:featuredmedia":[{"embeddable":true,"href":"https:\/\/eldiariorepublicamx.com\/index.php?rest_route=\/wp\/v2\/media\/1444"}],"wp:attachment":[{"href":"https:\/\/eldiariorepublicamx.com\/index.php?rest_route=%2Fwp%2Fv2%2Fmedia&parent=1443"}],"wp:term":[{"taxonomy":"category","embeddable":true,"href":"https:\/\/eldiariorepublicamx.com\/index.php?rest_route=%2Fwp%2Fv2%2Fcategories&post=1443"},{"taxonomy":"post_tag","embeddable":true,"href":"https:\/\/eldiariorepublicamx.com\/index.php?rest_route=%2Fwp%2Fv2%2Ftags&post=1443"}],"curies":[{"name":"wp","href":"https:\/\/api.w.org\/{rel}","templated":true}]}}