{"id":1441,"date":"2026-04-26T10:26:22","date_gmt":"2026-04-26T16:26:22","guid":{"rendered":"https:\/\/eldiariorepublicamx.com\/?p=1441"},"modified":"2026-04-26T10:26:22","modified_gmt":"2026-04-26T16:26:22","slug":"ciclista-edgar-cadena-gana-la-tercera-jornada-de-la-vuelta-a-asturias","status":"publish","type":"post","link":"https:\/\/eldiariorepublicamx.com\/?p=1441","title":{"rendered":"Ciclista Edgar Cadena gana la tercera jornada de la Vuelta a Asturias"},"content":{"rendered":"<p>El ciclista mexicano Edgar Cadena, del conjunto Storck MRW Bau, se adjudic\u00f3 la tercera etapa de la 68\u00aa Vuelta Ciclista a Asturias con una escapada en solitario iniciada a 22 kil\u00f3metros de la meta en Vegadeo.<\/p>\n<h3>Llegada en solitario<\/h3>\n<p>Cadena rebas\u00f3 la l\u00ednea de meta con una ventaja de 26 segundos sobre el pelot\u00f3n principal, que era comandado por el l\u00edder de la clasificaci\u00f3n general, el colombiano Nairo Quintana.<\/p>\n<p>El mexicano inici\u00f3 su ataque a 28 kil\u00f3metros de la llegada, alcanz\u00f3 al espa\u00f1ol Carlos Garc\u00eda Pierna, quien rodaba en cabeza a pesar de una ca\u00edda, y seis kil\u00f3metros despu\u00e9s se lanz\u00f3 en solitario para asegurar el triunfo.<\/p>\n<h3>Desarrollo de la etapa<\/h3>\n<p>La jornada recorri\u00f3 157 kil\u00f3metros entre Figueras y Vegadeo, incluyendo los ascensos al Alto de la Bobia (primera categor\u00eda) y al Alto de Ouroso (segunda categor\u00eda). Unos noventa corredores partieron y el pelot\u00f3n se mantuvo compacto en los primeros 10 kil\u00f3metros.<\/p>\n<p>Tras superar los primeros 20 kil\u00f3metros, se form\u00f3 una fuga de siete ciclistas que logr\u00f3 una ventaja de un minuto y medio sobre el grupo principal a 104 kil\u00f3metros de meta, cuando se aproximaban a las rampas de La Bobia.<\/p>\n<h3>Control del l\u00edder<\/h3>\n<p>La ventaja del grupo escapado lleg\u00f3 a tres minutos a los 50 kil\u00f3metros de carrera, pero se redujo a poco m\u00e1s de un minuto a 85 kil\u00f3metros de la meta, con el equipo Movistar Team al frente del pelot\u00f3n protegiendo al l\u00edder Nairo Quintana.<\/p>\n<p>Ante la cercan\u00eda del pelot\u00f3n, tres de los fugados atacaron y abrieron brecha, dejando descolgados a otros tres que finalmente fueron absorbidos por el grupo principal.<\/p>\n<h3>Acci\u00f3n final<\/h3>\n<p>En la cima del Alto de Ouroso, a 40 kil\u00f3metros de la meta, Carlos Garc\u00eda Pierna se lanz\u00f3 en solitario, pero sufri\u00f3 una ca\u00edda cinco kil\u00f3metros despu\u00e9s, aunque logr\u00f3 continuar en cabeza.<\/p>\n<p>A 28 kil\u00f3metros de la llegada, los perseguidores de Garc\u00eda Pierna fueron alcanzados por el pelot\u00f3n, momento en el que salt\u00f3 Edgar Cadena, quien dio caza a Garc\u00eda y se lanz\u00f3 en solitario hacia la victoria.<\/p>\n<p>Nairo Quintana mantiene el liderato de la clasificaci\u00f3n general con medio minuto de ventaja sobre el espa\u00f1ol Adri\u00e1 Pericas de cara a la \u00faltima etapa este domingo.<\/p>\n","protected":false},"excerpt":{"rendered":"<p>El ciclista mexicano Edgar Cadena, del conjunto Storck MRW Bau, se adjudic\u00f3 la tercera etapa de la 68\u00aa Vuelta Ciclista a Asturias con una escapada&hellip;<\/p>\n","protected":false},"author":2,"featured_media":1442,"comment_status":"open","ping_status":"open","sticky":false,"template":"","format":"standard","meta":{"footnotes":""},"categories":[291],"tags":[1185,1183,1186,1187,1184],"class_list":["post-1441","post","type-post","status-publish","format-standard","has-post-thumbnail","hentry","category-deportes","tag-ciclismo","tag-edgar-cadena","tag-mexicano","tag-nairo-quintana","tag-vuelta-a-asturias"],"_links":{"self":[{"href":"https:\/\/eldiariorepublicamx.com\/index.php?rest_route=\/wp\/v2\/posts\/1441","targetHints":{"allow":["GET"]}}],"collection":[{"href":"https:\/\/eldiariorepublicamx.com\/index.php?rest_route=\/wp\/v2\/posts"}],"about":[{"href":"https:\/\/eldiariorepublicamx.com\/index.php?rest_route=\/wp\/v2\/types\/post"}],"author":[{"embeddable":true,"href":"https:\/\/eldiariorepublicamx.com\/index.php?rest_route=\/wp\/v2\/users\/2"}],"replies":[{"embeddable":true,"href":"https:\/\/eldiariorepublicamx.com\/index.php?rest_route=%2Fwp%2Fv2%2Fcomments&post=1441"}],"version-history":[{"count":0,"href":"https:\/\/eldiariorepublicamx.com\/index.php?rest_route=\/wp\/v2\/posts\/1441\/revisions"}],"wp:featuredmedia":[{"embeddable":true,"href":"https:\/\/eldiariorepublicamx.com\/index.php?rest_route=\/wp\/v2\/media\/1442"}],"wp:attachment":[{"href":"https:\/\/eldiariorepublicamx.com\/index.php?rest_route=%2Fwp%2Fv2%2Fmedia&parent=1441"}],"wp:term":[{"taxonomy":"category","embeddable":true,"href":"https:\/\/eldiariorepublicamx.com\/index.php?rest_route=%2Fwp%2Fv2%2Fcategories&post=1441"},{"taxonomy":"post_tag","embeddable":true,"href":"https:\/\/eldiariorepublicamx.com\/index.php?rest_route=%2Fwp%2Fv2%2Ftags&post=1441"}],"curies":[{"name":"wp","href":"https:\/\/api.w.org\/{rel}","templated":true}]}}