{"id":1435,"date":"2026-04-26T10:26:14","date_gmt":"2026-04-26T16:26:14","guid":{"rendered":"https:\/\/eldiariorepublicamx.com\/?p=1435"},"modified":"2026-04-26T10:26:14","modified_gmt":"2026-04-26T16:26:14","slug":"mandataria-mexicana-condena-hechos-violentos-contra-trump-y-desea-su-bienestar","status":"publish","type":"post","link":"https:\/\/eldiariorepublicamx.com\/?p=1435","title":{"rendered":"Mandataria mexicana condena hechos violentos contra Trump y desea su bienestar"},"content":{"rendered":"<p>La presidenta de M\u00e9xico, Claudia Sheinbaum, conden\u00f3 este s\u00e1bado los actos violentos ocurridos durante un evento en Washington y envi\u00f3 un mensaje de respaldo al mandatario estadounidense Donald Trump.<\/p>\n<h3>Condena y respaldo<\/h3>\n<p>En una publicaci\u00f3n en redes sociales, la jefa del Ejecutivo federal expres\u00f3 su postura frente a los reportes de disparos durante la Cena de Corresponsales de la Casa Blanca. &#8220;La violencia no debe ser nunca el camino&#8221;, se\u00f1al\u00f3 la presidenta Claudia Sheinbaum Pardo al pronunciarse este s\u00e1bado por los disparos registrados durante la Cena de Corresponsales de la Casa Blanca, encabezado por el presidente de Estados Unidos, Donald Trump, y su esposa Melania Trump.<\/p>\n<p>Sheinbaum Pardo tambi\u00e9n manifest\u00f3 su alivio por el estado de salud del l\u00edder norteamericano y su c\u00f3nyuge tras el incidente. &#8220;Qu\u00e9 bueno que el presidente Trump y su esposa se encuentren bien, tras los recientes acontecimientos&#8221;, agreg\u00f3 en su comunicaci\u00f3n.<\/p>\n<h3>Contexto del incidente<\/h3>\n<p>Los hechos sucedieron la noche del s\u00e1bado, cuando agentes del Servicio Secreto de Estados Unidos procedieron a evacuar al presidente y a la primera dama, as\u00ed como a otros integrantes del Gabinete estadounidense, del recinto donde se desarrollaba la cena anual de la Asociaci\u00f3n de Corresponsales de la Casa Blanca (WHCA). La medida se tom\u00f3 despu\u00e9s de que se escucharan lo que parecieron ser detonaciones de arma de fuego.<\/p>\n<p>Finalmente, la mandataria mexicana extendi\u00f3 un gesto de cortes\u00eda diplom\u00e1tica hacia la pareja presidencial de Estados Unidos. &#8220;Le enviamos nuestro respeto&#8221;, concluy\u00f3 su mensaje.<\/p>\n","protected":false},"excerpt":{"rendered":"<p>La presidenta de M\u00e9xico, Claudia Sheinbaum, conden\u00f3 este s\u00e1bado los actos violentos ocurridos durante un evento en Washington y envi\u00f3 un mensaje de respaldo al&hellip;<\/p>\n","protected":false},"author":2,"featured_media":1436,"comment_status":"open","ping_status":"open","sticky":false,"template":"","format":"standard","meta":{"footnotes":""},"categories":[53,252],"tags":[1172,1178,13,40,925],"class_list":["post-1435","post","type-post","status-publish","format-standard","has-post-thumbnail","hentry","category-agenda-internacional","category-agenda-nacional","tag-casa-blanca","tag-cena-de-corresponsales","tag-claudia-sheinbaum","tag-donald-trump","tag-violencia"],"_links":{"self":[{"href":"https:\/\/eldiariorepublicamx.com\/index.php?rest_route=\/wp\/v2\/posts\/1435","targetHints":{"allow":["GET"]}}],"collection":[{"href":"https:\/\/eldiariorepublicamx.com\/index.php?rest_route=\/wp\/v2\/posts"}],"about":[{"href":"https:\/\/eldiariorepublicamx.com\/index.php?rest_route=\/wp\/v2\/types\/post"}],"author":[{"embeddable":true,"href":"https:\/\/eldiariorepublicamx.com\/index.php?rest_route=\/wp\/v2\/users\/2"}],"replies":[{"embeddable":true,"href":"https:\/\/eldiariorepublicamx.com\/index.php?rest_route=%2Fwp%2Fv2%2Fcomments&post=1435"}],"version-history":[{"count":0,"href":"https:\/\/eldiariorepublicamx.com\/index.php?rest_route=\/wp\/v2\/posts\/1435\/revisions"}],"wp:featuredmedia":[{"embeddable":true,"href":"https:\/\/eldiariorepublicamx.com\/index.php?rest_route=\/wp\/v2\/media\/1436"}],"wp:attachment":[{"href":"https:\/\/eldiariorepublicamx.com\/index.php?rest_route=%2Fwp%2Fv2%2Fmedia&parent=1435"}],"wp:term":[{"taxonomy":"category","embeddable":true,"href":"https:\/\/eldiariorepublicamx.com\/index.php?rest_route=%2Fwp%2Fv2%2Fcategories&post=1435"},{"taxonomy":"post_tag","embeddable":true,"href":"https:\/\/eldiariorepublicamx.com\/index.php?rest_route=%2Fwp%2Fv2%2Ftags&post=1435"}],"curies":[{"name":"wp","href":"https:\/\/api.w.org\/{rel}","templated":true}]}}