{"id":1427,"date":"2026-04-26T10:26:01","date_gmt":"2026-04-26T16:26:01","guid":{"rendered":"https:\/\/eldiariorepublicamx.com\/?p=1427"},"modified":"2026-04-26T10:26:01","modified_gmt":"2026-04-26T16:26:01","slug":"sheinbaum-expresa-solidaridad-hacia-trump-tras-ataque-en-cena-de-corresponsales","status":"publish","type":"post","link":"https:\/\/eldiariorepublicamx.com\/?p=1427","title":{"rendered":"Sheinbaum expresa solidaridad hacia Trump tras ataque en cena de corresponsales"},"content":{"rendered":"<p>La presidenta de M\u00e9xico, Claudia Sheinbaum, manifest\u00f3 su respaldo al expresidente estadounidense Donald Trump y a su esposa, luego del incidente violento registrado durante una cena para corresponsales en el Hotel Hilton. A trav\u00e9s de su cuenta en la red social X, la mandataria mexicana se\u00f1al\u00f3 que es positivo que ambos se encuentren fuera de peligro.<\/p>\n<h3>Mensaje en redes sociales<\/h3>\n<p>En su publicaci\u00f3n, Sheinbaum escribi\u00f3: &#8220;Qu\u00e9 bueno que el presidente Trump y su esposa se encuentren bien, tras los recientes acontecimientos. Le enviamos nuestro respeto. La violencia no debe ser nunca el camino&#8221;. Con este mensaje, la l\u00edder mexicana se sum\u00f3 a las muestras de solidaridad internacional tras el tiroteo ocurrido en un evento de la Casa Blanca.<\/p>\n<h3>Reacciones en la publicaci\u00f3n<\/h3>\n<p>La publicaci\u00f3n de la presidenta gener\u00f3 m\u00faltiples comentarios de usuarios en la plataforma, los cuales exhibieron diversas opiniones y reacciones ante el suceso y el posicionamiento de la mandataria.<\/p>\n","protected":false},"excerpt":{"rendered":"<p>La presidenta de M\u00e9xico, Claudia Sheinbaum, manifest\u00f3 su respaldo al expresidente estadounidense Donald Trump y a su esposa, luego del incidente violento registrado durante una&hellip;<\/p>\n","protected":false},"author":2,"featured_media":1428,"comment_status":"open","ping_status":"open","sticky":false,"template":"","format":"standard","meta":{"footnotes":""},"categories":[53,252],"tags":[1172,13,1171,474,925],"class_list":["post-1427","post","type-post","status-publish","format-standard","has-post-thumbnail","hentry","category-agenda-internacional","category-agenda-nacional","tag-casa-blanca","tag-claudia-sheinbaum","tag-tiroteo","tag-trump","tag-violencia"],"_links":{"self":[{"href":"https:\/\/eldiariorepublicamx.com\/index.php?rest_route=\/wp\/v2\/posts\/1427","targetHints":{"allow":["GET"]}}],"collection":[{"href":"https:\/\/eldiariorepublicamx.com\/index.php?rest_route=\/wp\/v2\/posts"}],"about":[{"href":"https:\/\/eldiariorepublicamx.com\/index.php?rest_route=\/wp\/v2\/types\/post"}],"author":[{"embeddable":true,"href":"https:\/\/eldiariorepublicamx.com\/index.php?rest_route=\/wp\/v2\/users\/2"}],"replies":[{"embeddable":true,"href":"https:\/\/eldiariorepublicamx.com\/index.php?rest_route=%2Fwp%2Fv2%2Fcomments&post=1427"}],"version-history":[{"count":0,"href":"https:\/\/eldiariorepublicamx.com\/index.php?rest_route=\/wp\/v2\/posts\/1427\/revisions"}],"wp:featuredmedia":[{"embeddable":true,"href":"https:\/\/eldiariorepublicamx.com\/index.php?rest_route=\/wp\/v2\/media\/1428"}],"wp:attachment":[{"href":"https:\/\/eldiariorepublicamx.com\/index.php?rest_route=%2Fwp%2Fv2%2Fmedia&parent=1427"}],"wp:term":[{"taxonomy":"category","embeddable":true,"href":"https:\/\/eldiariorepublicamx.com\/index.php?rest_route=%2Fwp%2Fv2%2Fcategories&post=1427"},{"taxonomy":"post_tag","embeddable":true,"href":"https:\/\/eldiariorepublicamx.com\/index.php?rest_route=%2Fwp%2Fv2%2Ftags&post=1427"}],"curies":[{"name":"wp","href":"https:\/\/api.w.org\/{rel}","templated":true}]}}