{"id":1425,"date":"2026-04-26T08:28:04","date_gmt":"2026-04-26T14:28:04","guid":{"rendered":"https:\/\/eldiariorepublicamx.com\/?p=1425"},"modified":"2026-04-26T08:28:04","modified_gmt":"2026-04-26T14:28:04","slug":"inauguracion-liderada-por-sheinbaum-y-gomez-de-ruta-suburbana-al-aeropuerto-aifa-con-capacidad-para-mas-de-80-mil-usuarios-diarios","status":"publish","type":"post","link":"https:\/\/eldiariorepublicamx.com\/?p=1425","title":{"rendered":"Inauguraci\u00f3n liderada por Sheinbaum y G\u00f3mez de ruta suburbana al aeropuerto AIFA con capacidad para m\u00e1s de 80 mil usuarios diarios"},"content":{"rendered":"<p>La presidenta Claudia Sheinbaum y la gobernadora del Estado de M\u00e9xico, Delfina G\u00f3mez, estar\u00e1n al frente del acto inaugural del Tren Suburbano que conectar\u00e1 la estaci\u00f3n Lecher\u00eda con el Aeropuerto Internacional Felipe \u00c1ngeles (AIFA) este domingo. La nueva l\u00ednea, de 23.7 kil\u00f3metros y seis estaciones, est\u00e1 proyectada para atender una demanda diaria superior a los 82 mil pasajeros.<\/p>\n<p>Esta infraestructura busca reforzar la conectividad en la Zona Metropolitana del Valle de M\u00e9xico, impactando positivamente a municipios como Tultitl\u00e1n, Tultepec, Nextlalpan y Zumpango. Adem\u00e1s, facilitar\u00e1 el acceso de los aficionados que se desplacen hacia el AIFA con motivo del pr\u00f3ximo evento futbol\u00edstico internacional.<\/p>\n<h3>Mejoras en la movilidad metropolitana<\/h3>\n<p>El trayecto completo desde la estaci\u00f3n Buenavista del Metro hasta el aeropuerto se estima que tomar\u00e1 menos de 40 minutos. El sistema operar\u00e1 con diez trenes con capacidad para 719 personas cada uno, los cuales podr\u00e1n acoplarse para duplicar la oferta en horas de alta demanda. El servicio estar\u00e1 disponible desde las 5:00 hasta las 00:30 horas, con frecuencias de paso cada 15 minutos.<\/p>\n<p>El proyecto se integra a otras iniciativas de transporte desarrolladas en coordinaci\u00f3n con el Gobierno federal que han modificado la movilidad en la entidad, como el Tren &#8220;El Insurgente&#8221; en el Valle de Toluca y el Troleb\u00fas Mexiquense en la zona oriente.<\/p>\n<h3>Expansi\u00f3n del componente ferroviario<\/h3>\n<p>Esta obra forma parte del plan ferroviario nacional. En este marco, ya se encuentra en construcci\u00f3n el tramo que unir\u00e1 el AIFA con Pachuca, el cual contar\u00e1 con seis estaciones a lo largo de 57 kil\u00f3metros y conectar\u00e1 los estados de M\u00e9xico e Hidalgo.<\/p>\n<p>La nueva l\u00ednea contar\u00e1 con doble v\u00eda electrificada y ofrecer\u00e1 conexi\u00f3n con otros sistemas de transporte masivo como el Metrob\u00fas y el Mexib\u00fas. Estas acciones reflejan el compromiso de la administraci\u00f3n federal por elevar la calidad de vida de la poblaci\u00f3n del Estado de M\u00e9xico mediante inversiones que dinamizan la econom\u00eda y mejoran la conectividad.<\/p>\n","protected":false},"excerpt":{"rendered":"<p>La presidenta Claudia Sheinbaum y la gobernadora del Estado de M\u00e9xico, Delfina G\u00f3mez, estar\u00e1n al frente del acto inaugural del Tren Suburbano que conectar\u00e1 la&hellip;<\/p>\n","protected":false},"author":2,"featured_media":1426,"comment_status":"open","ping_status":"open","sticky":false,"template":"","format":"standard","meta":{"footnotes":""},"categories":[252,290],"tags":[541,13,1170,512,1056],"class_list":["post-1425","post","type-post","status-publish","format-standard","has-post-thumbnail","hentry","category-agenda-nacional","category-sociedad-y-cultura","tag-aifa","tag-claudia-sheinbaum","tag-delfina-gomez","tag-movilidad","tag-tren-suburbano"],"_links":{"self":[{"href":"https:\/\/eldiariorepublicamx.com\/index.php?rest_route=\/wp\/v2\/posts\/1425","targetHints":{"allow":["GET"]}}],"collection":[{"href":"https:\/\/eldiariorepublicamx.com\/index.php?rest_route=\/wp\/v2\/posts"}],"about":[{"href":"https:\/\/eldiariorepublicamx.com\/index.php?rest_route=\/wp\/v2\/types\/post"}],"author":[{"embeddable":true,"href":"https:\/\/eldiariorepublicamx.com\/index.php?rest_route=\/wp\/v2\/users\/2"}],"replies":[{"embeddable":true,"href":"https:\/\/eldiariorepublicamx.com\/index.php?rest_route=%2Fwp%2Fv2%2Fcomments&post=1425"}],"version-history":[{"count":0,"href":"https:\/\/eldiariorepublicamx.com\/index.php?rest_route=\/wp\/v2\/posts\/1425\/revisions"}],"wp:featuredmedia":[{"embeddable":true,"href":"https:\/\/eldiariorepublicamx.com\/index.php?rest_route=\/wp\/v2\/media\/1426"}],"wp:attachment":[{"href":"https:\/\/eldiariorepublicamx.com\/index.php?rest_route=%2Fwp%2Fv2%2Fmedia&parent=1425"}],"wp:term":[{"taxonomy":"category","embeddable":true,"href":"https:\/\/eldiariorepublicamx.com\/index.php?rest_route=%2Fwp%2Fv2%2Fcategories&post=1425"},{"taxonomy":"post_tag","embeddable":true,"href":"https:\/\/eldiariorepublicamx.com\/index.php?rest_route=%2Fwp%2Fv2%2Ftags&post=1425"}],"curies":[{"name":"wp","href":"https:\/\/api.w.org\/{rel}","templated":true}]}}