{"id":1417,"date":"2026-04-25T10:28:48","date_gmt":"2026-04-25T16:28:48","guid":{"rendered":"https:\/\/eldiariorepublicamx.com\/?p=1417"},"modified":"2026-04-25T10:28:48","modified_gmt":"2026-04-25T16:28:48","slug":"rigoberta-menchu-asume-como-asesora-clave-en-politica-exterior-para-derechos-de-mujeres-e-indigenas","status":"publish","type":"post","link":"https:\/\/eldiariorepublicamx.com\/?p=1417","title":{"rendered":"Rigoberta Mench\u00fa asume como asesora clave en pol\u00edtica exterior para derechos de mujeres e ind\u00edgenas"},"content":{"rendered":"<p>La Secretar\u00eda de Relaciones Exteriores (SRE) anunci\u00f3 el nombramiento de la activista y Premio Nobel de la Paz, Rigoberta Mench\u00fa Tum, como Alta Consejera para los Derechos de las Mujeres y los Pueblos Ind\u00edgenas en la Pol\u00edtica Exterior de M\u00e9xico. El cargo fue creado por la canciller\u00eda mexicana como parte de la estrategia internacional de la presidenta Claudia Sheinbaum, con el objetivo de fortalecer la agenda del pa\u00eds en materia de igualdad sustantiva e interculturalidad.<\/p>\n<h3>Funciones y coordinaci\u00f3n institucional<\/h3>\n<p>La activista ind\u00edgena maya k\u2019iche\u2019 trabajar\u00e1 en coordinaci\u00f3n con diversas dependencias federales, como la Secretar\u00eda de las Mujeres y el Instituto Nacional de los Pueblos Ind\u00edgenas, para construir estrategias internacionales. Sus principales labores incluir\u00e1n impulsar pol\u00edticas globales sobre derechos de las mujeres, fortalecer la representaci\u00f3n de pueblos ind\u00edgenas y comunidades afromexicanas, y posicionar estas demandas en foros multilaterales.<\/p>\n<p>La SRE se\u00f1al\u00f3 que la designaci\u00f3n tambi\u00e9n busca generar mayor coordinaci\u00f3n entre \u00e1reas del gobierno federal y reforzar la presencia de M\u00e9xico en temas de derechos humanos e interculturalidad en el escenario mundial.<\/p>\n<h3>Vinculaci\u00f3n con la agenda de Sheinbaum y la ONU<\/h3>\n<p>En un comunicado oficial, la dependencia federal explic\u00f3 que este nombramiento se realiza en coordinaci\u00f3n con el Programa de las Naciones Unidas para el Desarrollo (PNUD). La SRE indic\u00f3: \u201cCon este nombramiento que se hace en coordinaci\u00f3n con el Programa de las Naciones Unidas para el Desarrollo, se fortalecer\u00e1 el cumplimiento del mandato de la presidenta Claudia Sheinbaum Pardo de colocar la igualdad sustantiva y la interculturalidad como ejes transversales de la agenda internacional del pa\u00eds\u201d.<\/p>\n<p>El proyecto contar\u00e1 con la coordinaci\u00f3n del United Nations Development Programme para robustecer las acciones internacionales relacionadas con derechos ind\u00edgenas, inclusi\u00f3n y participaci\u00f3n de mujeres.<\/p>\n<h3>Trayectoria internacional de la nueva consejera<\/h3>\n<p>Rigoberta Mench\u00fa Tum es una activista ind\u00edgena guatemalteca reconocida mundialmente por su labor en defensa de los derechos humanos, los pueblos originarios y la justicia social en Am\u00e9rica Latina. Entre sus reconocimientos internacionales destacan haber recibido el Premio Nobel de la Paz en 1992 y el Princess of Asturias Awards en 1998. Adem\u00e1s, fue embajadora de buena voluntad de la UNESCO y particip\u00f3 en el proceso que culmin\u00f3 con la Declaraci\u00f3n de las Naciones Unidas sobre los Derechos de los Pueblos Ind\u00edgenas en 2007.<\/p>\n<h3>Contexto de la pol\u00edtica exterior mexicana<\/h3>\n<p>Esta designaci\u00f3n se enmarca en un contexto donde el gobierno mexicano ha buscado posicionar temas como la igualdad sustantiva, los derechos de las mujeres, la diversidad cultural y la representaci\u00f3n ind\u00edgena dentro de su pol\u00edtica exterior. Con la incorporaci\u00f3n de Mench\u00fa Tum, la administraci\u00f3n federal pretende fortalecer la participaci\u00f3n del pa\u00eds en espacios multilaterales donde se discuten temas de inclusi\u00f3n, derechos colectivos, racismo y discriminaci\u00f3n.<\/p>\n<p>La nueva funci\u00f3n de la activista refuerza la intenci\u00f3n del gobierno de Claudia Sheinbaum de incorporar la interculturalidad y los derechos ind\u00edgenas como componentes centrales de la imagen internacional de M\u00e9xico.<\/p>\n","protected":false},"excerpt":{"rendered":"<p>La Secretar\u00eda de Relaciones Exteriores (SRE) anunci\u00f3 el nombramiento de la activista y Premio Nobel de la Paz, Rigoberta Mench\u00fa Tum, como Alta Consejera para&hellip;<\/p>\n","protected":false},"author":2,"featured_media":1418,"comment_status":"open","ping_status":"open","sticky":false,"template":"","format":"standard","meta":{"footnotes":""},"categories":[53,252],"tags":[1162,59,365,1161,99],"class_list":["post-1417","post","type-post","status-publish","format-standard","has-post-thumbnail","hentry","category-agenda-internacional","category-agenda-nacional","tag-derechos-mujeres","tag-politica-exterior","tag-pueblos-indigenas","tag-rigoberta-menchu","tag-sre"],"_links":{"self":[{"href":"https:\/\/eldiariorepublicamx.com\/index.php?rest_route=\/wp\/v2\/posts\/1417","targetHints":{"allow":["GET"]}}],"collection":[{"href":"https:\/\/eldiariorepublicamx.com\/index.php?rest_route=\/wp\/v2\/posts"}],"about":[{"href":"https:\/\/eldiariorepublicamx.com\/index.php?rest_route=\/wp\/v2\/types\/post"}],"author":[{"embeddable":true,"href":"https:\/\/eldiariorepublicamx.com\/index.php?rest_route=\/wp\/v2\/users\/2"}],"replies":[{"embeddable":true,"href":"https:\/\/eldiariorepublicamx.com\/index.php?rest_route=%2Fwp%2Fv2%2Fcomments&post=1417"}],"version-history":[{"count":0,"href":"https:\/\/eldiariorepublicamx.com\/index.php?rest_route=\/wp\/v2\/posts\/1417\/revisions"}],"wp:featuredmedia":[{"embeddable":true,"href":"https:\/\/eldiariorepublicamx.com\/index.php?rest_route=\/wp\/v2\/media\/1418"}],"wp:attachment":[{"href":"https:\/\/eldiariorepublicamx.com\/index.php?rest_route=%2Fwp%2Fv2%2Fmedia&parent=1417"}],"wp:term":[{"taxonomy":"category","embeddable":true,"href":"https:\/\/eldiariorepublicamx.com\/index.php?rest_route=%2Fwp%2Fv2%2Fcategories&post=1417"},{"taxonomy":"post_tag","embeddable":true,"href":"https:\/\/eldiariorepublicamx.com\/index.php?rest_route=%2Fwp%2Fv2%2Ftags&post=1417"}],"curies":[{"name":"wp","href":"https:\/\/api.w.org\/{rel}","templated":true}]}}