{"id":1415,"date":"2026-04-25T10:28:46","date_gmt":"2026-04-25T16:28:46","guid":{"rendered":"https:\/\/eldiariorepublicamx.com\/?p=1415"},"modified":"2026-04-25T10:28:46","modified_gmt":"2026-04-25T16:28:46","slug":"sheinbaum-promete-superar-a-lopez-obrador-en-construccion-de-vias-ferreas-durante-su-mandato","status":"publish","type":"post","link":"https:\/\/eldiariorepublicamx.com\/?p=1415","title":{"rendered":"Sheinbaum promete superar a L\u00f3pez Obrador en construcci\u00f3n de v\u00edas f\u00e9rreas durante su mandato"},"content":{"rendered":"<p>La presidenta Claudia Sheinbaum se comprometi\u00f3 a superar la meta de construcci\u00f3n de v\u00edas de tren establecida por su antecesor, Andr\u00e9s Manuel L\u00f3pez Obrador, al anunciar que su administraci\u00f3n dejar\u00e1 m\u00e1s de mil 500 kil\u00f3metros de v\u00edas f\u00e9rreas al t\u00e9rmino de su sexenio.<\/p>\n<h3>Compromiso en obra ferroviaria<\/h3>\n<p>Durante una supervisi\u00f3n de los trabajos del Tren Pachuca-Ciudad de M\u00e9xico en Villa de Tezontepec, la mandataria federal declar\u00f3 entre risas: &#8220;Le vamos a ganar al presidente L\u00f3pez Obrador en el n\u00famero de kil\u00f3metros de trenes p\u00fablicos, trenes del pueblo de M\u00e9xico, para beneficio del pueblo de M\u00e9xico&#8221;. Sheinbaum detall\u00f3 que este a\u00f1o se licitar\u00e1 otra parte de estos proyectos ferroviarios.<\/p>\n<h3>Contexto de la obra previa<\/h3>\n<p>La comparaci\u00f3n adquiere relevancia considerando que s\u00f3lo el Tren Maya, obra emblem\u00e1tica de la administraci\u00f3n anterior, tiene una extensi\u00f3n de mil 554 kil\u00f3metros, aunque seg\u00fan el texto no ha redituado como se esperaba. A lo largo de su sexenio, L\u00f3pez Obrador presumi\u00f3 la construcci\u00f3n y rehabilitaci\u00f3n de aproximadamente 2 mil kil\u00f3metros de v\u00edas, incluyendo las del Tren Interoce\u00e1nico, que sufri\u00f3 un accidente en enero pasado.<\/p>\n<h3>Avance del Tren Pachuca-CDMX<\/h3>\n<p>En el evento, realizado entre milpas y con presencia de camiones de volteo civiles y militares sobre una v\u00eda de grava m\u00e1s ancha que una cancha de futbol, Sheinbaum supervis\u00f3 los avances de la obra que conectar\u00e1 Pachuca con la Ciudad de M\u00e9xico. Este proyecto de 58 kil\u00f3metros hasta la estaci\u00f3n Buenavista, en el centro de la capital, comenz\u00f3 en marzo de 2025 y reporta un 30% de progreso seg\u00fan el Agrupamiento de Ingenieros Militares.<\/p>\n<h3>Reconocimiento a ingenieros militares<\/h3>\n<p>La presidenta atribuy\u00f3 la velocidad de construcci\u00f3n al trabajo de los ingenieros militares, a quienes dirigi\u00f3 un &#8220;aplauso y un agradecimiento eterno&#8221;, mencionando espec\u00edficamente al general Vallejo y su equipo. Destac\u00f3 que estos profesionales no solo participaron en proyectos como el Aeropuerto Internacional Felipe \u00c1ngeles y parte del Tren Maya, sino que ahora colaboran en el tren M\u00e9xico-Pachuca y el futuro tren M\u00e9xico-Quer\u00e9taro, que tambi\u00e9n pasar\u00e1 por Hidalgo.<\/p>\n<p>Sheinbaum resalt\u00f3 que actualmente trabajan 10 mil personas diariamente en esta obra, la cual, seg\u00fan afirm\u00f3, impulsa el desarrollo econ\u00f3mico y mejora la conectividad entre la Ciudad de M\u00e9xico y Pachuca.<\/p>\n","protected":false},"excerpt":{"rendered":"<p>La presidenta Claudia Sheinbaum se comprometi\u00f3 a superar la meta de construcci\u00f3n de v\u00edas de tren establecida por su antecesor, Andr\u00e9s Manuel L\u00f3pez Obrador, al&hellip;<\/p>\n","protected":false},"author":2,"featured_media":1416,"comment_status":"open","ping_status":"open","sticky":false,"template":"","format":"standard","meta":{"footnotes":""},"categories":[252],"tags":[1160,1159,56,288,1158],"class_list":["post-1415","post","type-post","status-publish","format-standard","has-post-thumbnail","hentry","category-agenda-nacional","tag-construccion","tag-kilometros","tag-lopez-obrador","tag-sheinbaum","tag-tren"],"_links":{"self":[{"href":"https:\/\/eldiariorepublicamx.com\/index.php?rest_route=\/wp\/v2\/posts\/1415","targetHints":{"allow":["GET"]}}],"collection":[{"href":"https:\/\/eldiariorepublicamx.com\/index.php?rest_route=\/wp\/v2\/posts"}],"about":[{"href":"https:\/\/eldiariorepublicamx.com\/index.php?rest_route=\/wp\/v2\/types\/post"}],"author":[{"embeddable":true,"href":"https:\/\/eldiariorepublicamx.com\/index.php?rest_route=\/wp\/v2\/users\/2"}],"replies":[{"embeddable":true,"href":"https:\/\/eldiariorepublicamx.com\/index.php?rest_route=%2Fwp%2Fv2%2Fcomments&post=1415"}],"version-history":[{"count":0,"href":"https:\/\/eldiariorepublicamx.com\/index.php?rest_route=\/wp\/v2\/posts\/1415\/revisions"}],"wp:featuredmedia":[{"embeddable":true,"href":"https:\/\/eldiariorepublicamx.com\/index.php?rest_route=\/wp\/v2\/media\/1416"}],"wp:attachment":[{"href":"https:\/\/eldiariorepublicamx.com\/index.php?rest_route=%2Fwp%2Fv2%2Fmedia&parent=1415"}],"wp:term":[{"taxonomy":"category","embeddable":true,"href":"https:\/\/eldiariorepublicamx.com\/index.php?rest_route=%2Fwp%2Fv2%2Fcategories&post=1415"},{"taxonomy":"post_tag","embeddable":true,"href":"https:\/\/eldiariorepublicamx.com\/index.php?rest_route=%2Fwp%2Fv2%2Ftags&post=1415"}],"curies":[{"name":"wp","href":"https:\/\/api.w.org\/{rel}","templated":true}]}}