{"id":1413,"date":"2026-04-25T10:28:42","date_gmt":"2026-04-25T16:28:42","guid":{"rendered":"https:\/\/eldiariorepublicamx.com\/?p=1413"},"modified":"2026-04-25T10:28:42","modified_gmt":"2026-04-25T16:28:42","slug":"gobernador-de-tabasco-anticipa-visita-de-la-presidenta-sheinbaum-en-proximas-semanas","status":"publish","type":"post","link":"https:\/\/eldiariorepublicamx.com\/?p=1413","title":{"rendered":"Gobernador de Tabasco anticipa visita de la presidenta Sheinbaum en pr\u00f3ximas semanas"},"content":{"rendered":"<p>El gobernador de Tabasco, Javier May Rodr\u00edguez, anunci\u00f3 que la presidenta Claudia Sheinbaum podr\u00eda visitar el estado dentro de aproximadamente dos semanas, con la posibilidad de que su agenda coincida con la Feria 2026, cuya clausura est\u00e1 programada para el 10 de mayo.<\/p>\n<h3>Avances en proyectos conjuntos<\/h3>\n<p>Durante un encuentro en Palacio Nacional, el mandatario estatal y la presidenta dialogaron sobre el progreso de diversas obras en la entidad. May Rodr\u00edguez destac\u00f3 que conversaron sobre el programa de vivienda que se encuentra en construcci\u00f3n y revisaron las estrategias de seguridad aplicadas en Tabasco. &#8220;La Presidenta siempre lleva a Tabasco en el Coraz\u00f3n; hablamos del programa de viviendas que se va a construir, del ritmo que llevamos; y de su pr\u00f3xima visita a Tabasco, que ya est\u00e1 muy pronto&#8221;, se\u00f1al\u00f3 el gobernador.<\/p>\n<h3>Compromiso con el estado<\/h3>\n<p>En sus redes sociales, el gobernador comparti\u00f3 detalles del encuentro, mencionando que fue un honor reunirse con Sheinbaum para continuar avanzando en los proyectos que se desarrollan de manera coordinada entre el gobierno federal y el estatal. &#8220;Tuve el honor de reunirme en Palacio Nacional con la Presidenta Claudia Sheinbaum para avanzar en los proyectos del Tabasco que estamos construyendo juntos, as\u00ed como evaluar las estrategias de seguridad para bienestar y tranquilidad de las familias que viven en nuestra entidad&#8221;, escribi\u00f3.<\/p>\n<p>Adem\u00e1s, May Rodr\u00edguez coment\u00f3 que la propia mandataria federal ha expresado su inter\u00e9s por regresar al estado. &#8220;Ella ha dicho que este a\u00f1o no ha venido y que ya hace falta; creo que en dos semanas va a andar por ac\u00e1; ya sabremos la fecha exacta, ya se las compartir\u00e9&#8221;, agreg\u00f3, confirmando que la fecha espec\u00edfica se dar\u00e1 a conocer una vez definida.<\/p>\n","protected":false},"excerpt":{"rendered":"<p>El gobernador de Tabasco, Javier May Rodr\u00edguez, anunci\u00f3 que la presidenta Claudia Sheinbaum podr\u00eda visitar el estado dentro de aproximadamente dos semanas, con la posibilidad&hellip;<\/p>\n","protected":false},"author":2,"featured_media":1414,"comment_status":"open","ping_status":"open","sticky":false,"template":"","format":"standard","meta":{"footnotes":""},"categories":[252],"tags":[13,1157,1155,810,1156],"class_list":["post-1413","post","type-post","status-publish","format-standard","has-post-thumbnail","hentry","category-agenda-nacional","tag-claudia-sheinbaum","tag-gobernador","tag-javier-may","tag-tabasco","tag-visita"],"_links":{"self":[{"href":"https:\/\/eldiariorepublicamx.com\/index.php?rest_route=\/wp\/v2\/posts\/1413","targetHints":{"allow":["GET"]}}],"collection":[{"href":"https:\/\/eldiariorepublicamx.com\/index.php?rest_route=\/wp\/v2\/posts"}],"about":[{"href":"https:\/\/eldiariorepublicamx.com\/index.php?rest_route=\/wp\/v2\/types\/post"}],"author":[{"embeddable":true,"href":"https:\/\/eldiariorepublicamx.com\/index.php?rest_route=\/wp\/v2\/users\/2"}],"replies":[{"embeddable":true,"href":"https:\/\/eldiariorepublicamx.com\/index.php?rest_route=%2Fwp%2Fv2%2Fcomments&post=1413"}],"version-history":[{"count":0,"href":"https:\/\/eldiariorepublicamx.com\/index.php?rest_route=\/wp\/v2\/posts\/1413\/revisions"}],"wp:featuredmedia":[{"embeddable":true,"href":"https:\/\/eldiariorepublicamx.com\/index.php?rest_route=\/wp\/v2\/media\/1414"}],"wp:attachment":[{"href":"https:\/\/eldiariorepublicamx.com\/index.php?rest_route=%2Fwp%2Fv2%2Fmedia&parent=1413"}],"wp:term":[{"taxonomy":"category","embeddable":true,"href":"https:\/\/eldiariorepublicamx.com\/index.php?rest_route=%2Fwp%2Fv2%2Fcategories&post=1413"},{"taxonomy":"post_tag","embeddable":true,"href":"https:\/\/eldiariorepublicamx.com\/index.php?rest_route=%2Fwp%2Fv2%2Ftags&post=1413"}],"curies":[{"name":"wp","href":"https:\/\/api.w.org\/{rel}","templated":true}]}}