{"id":1396,"date":"2026-04-24T10:29:00","date_gmt":"2026-04-24T16:29:00","guid":{"rendered":"https:\/\/eldiariorepublicamx.com\/?p=1396"},"modified":"2026-04-24T10:29:00","modified_gmt":"2026-04-24T16:29:00","slug":"transmision-en-vivo-de-la-conferencia-matutina-de-la-presidenta-sheinbaum-este-viernes","status":"publish","type":"post","link":"https:\/\/eldiariorepublicamx.com\/?p=1396","title":{"rendered":"Transmisi\u00f3n en vivo de la conferencia matutina de la presidenta Sheinbaum este viernes"},"content":{"rendered":"<p>La presidenta de M\u00e9xico, Claudia Sheinbaum Pardo, sostendr\u00e1 su conferencia de prensa matutina habitual este viernes 24 de abril de 2026.<\/p>\n<h3>En vivo desde Palacio Nacional<\/h3>\n<p>El evento, conocido como &#8220;Ma\u00f1anera del Pueblo&#8221;, ser\u00e1 transmitido en vivo desde el sal\u00f3n de la Tesorer\u00eda en Palacio Nacional, en la Ciudad de M\u00e9xico.<\/p>\n","protected":false},"excerpt":{"rendered":"<p>La presidenta de M\u00e9xico, Claudia Sheinbaum Pardo, sostendr\u00e1 su conferencia de prensa matutina habitual este viernes 24 de abril de 2026. En vivo desde Palacio&hellip;<\/p>\n","protected":false},"author":2,"featured_media":1397,"comment_status":"open","ping_status":"open","sticky":false,"template":"","format":"standard","meta":{"footnotes":""},"categories":[252],"tags":[13,785,404,17],"class_list":["post-1396","post","type-post","status-publish","format-standard","has-post-thumbnail","hentry","category-agenda-nacional","tag-claudia-sheinbaum","tag-conferencia-de-prensa","tag-mananera","tag-palacio-nacional"],"_links":{"self":[{"href":"https:\/\/eldiariorepublicamx.com\/index.php?rest_route=\/wp\/v2\/posts\/1396","targetHints":{"allow":["GET"]}}],"collection":[{"href":"https:\/\/eldiariorepublicamx.com\/index.php?rest_route=\/wp\/v2\/posts"}],"about":[{"href":"https:\/\/eldiariorepublicamx.com\/index.php?rest_route=\/wp\/v2\/types\/post"}],"author":[{"embeddable":true,"href":"https:\/\/eldiariorepublicamx.com\/index.php?rest_route=\/wp\/v2\/users\/2"}],"replies":[{"embeddable":true,"href":"https:\/\/eldiariorepublicamx.com\/index.php?rest_route=%2Fwp%2Fv2%2Fcomments&post=1396"}],"version-history":[{"count":0,"href":"https:\/\/eldiariorepublicamx.com\/index.php?rest_route=\/wp\/v2\/posts\/1396\/revisions"}],"wp:featuredmedia":[{"embeddable":true,"href":"https:\/\/eldiariorepublicamx.com\/index.php?rest_route=\/wp\/v2\/media\/1397"}],"wp:attachment":[{"href":"https:\/\/eldiariorepublicamx.com\/index.php?rest_route=%2Fwp%2Fv2%2Fmedia&parent=1396"}],"wp:term":[{"taxonomy":"category","embeddable":true,"href":"https:\/\/eldiariorepublicamx.com\/index.php?rest_route=%2Fwp%2Fv2%2Fcategories&post=1396"},{"taxonomy":"post_tag","embeddable":true,"href":"https:\/\/eldiariorepublicamx.com\/index.php?rest_route=%2Fwp%2Fv2%2Ftags&post=1396"}],"curies":[{"name":"wp","href":"https:\/\/api.w.org\/{rel}","templated":true}]}}