{"id":1394,"date":"2026-04-24T10:28:53","date_gmt":"2026-04-24T16:28:53","guid":{"rendered":"https:\/\/eldiariorepublicamx.com\/?p=1394"},"modified":"2026-04-24T10:28:53","modified_gmt":"2026-04-24T16:28:53","slug":"transmision-en-directo-de-la-conferencia-matutina-de-la-presidenta-claudia-sheinbaum","status":"publish","type":"post","link":"https:\/\/eldiariorepublicamx.com\/?p=1394","title":{"rendered":"Transmisi\u00f3n en directo de la conferencia matutina de la presidenta Claudia Sheinbaum"},"content":{"rendered":"<p>La presidenta de M\u00e9xico, Claudia Sheinbaum Pardo, conduce este jueves 24 de abril la conferencia de prensa matutina conocida como La Ma\u00f1anera del Pueblo desde el sal\u00f3n Tesorer\u00eda en Palacio Nacional.<\/p>\n<h3>Emisi\u00f3n en tiempo real<\/h3>\n<p>El evento se transmite en vivo para que la ciudadan\u00eda pueda seguir las declaraciones y anuncios de la mandataria federal.<\/p>\n","protected":false},"excerpt":{"rendered":"<p>La presidenta de M\u00e9xico, Claudia Sheinbaum Pardo, conduce este jueves 24 de abril la conferencia de prensa matutina conocida como La Ma\u00f1anera del Pueblo desde&hellip;<\/p>\n","protected":false},"author":2,"featured_media":1395,"comment_status":"open","ping_status":"open","sticky":false,"template":"","format":"standard","meta":{"footnotes":""},"categories":[252],"tags":[426,404,288],"class_list":["post-1394","post","type-post","status-publish","format-standard","has-post-thumbnail","hentry","category-agenda-nacional","tag-conferencia","tag-mananera","tag-sheinbaum"],"_links":{"self":[{"href":"https:\/\/eldiariorepublicamx.com\/index.php?rest_route=\/wp\/v2\/posts\/1394","targetHints":{"allow":["GET"]}}],"collection":[{"href":"https:\/\/eldiariorepublicamx.com\/index.php?rest_route=\/wp\/v2\/posts"}],"about":[{"href":"https:\/\/eldiariorepublicamx.com\/index.php?rest_route=\/wp\/v2\/types\/post"}],"author":[{"embeddable":true,"href":"https:\/\/eldiariorepublicamx.com\/index.php?rest_route=\/wp\/v2\/users\/2"}],"replies":[{"embeddable":true,"href":"https:\/\/eldiariorepublicamx.com\/index.php?rest_route=%2Fwp%2Fv2%2Fcomments&post=1394"}],"version-history":[{"count":0,"href":"https:\/\/eldiariorepublicamx.com\/index.php?rest_route=\/wp\/v2\/posts\/1394\/revisions"}],"wp:featuredmedia":[{"embeddable":true,"href":"https:\/\/eldiariorepublicamx.com\/index.php?rest_route=\/wp\/v2\/media\/1395"}],"wp:attachment":[{"href":"https:\/\/eldiariorepublicamx.com\/index.php?rest_route=%2Fwp%2Fv2%2Fmedia&parent=1394"}],"wp:term":[{"taxonomy":"category","embeddable":true,"href":"https:\/\/eldiariorepublicamx.com\/index.php?rest_route=%2Fwp%2Fv2%2Fcategories&post=1394"},{"taxonomy":"post_tag","embeddable":true,"href":"https:\/\/eldiariorepublicamx.com\/index.php?rest_route=%2Fwp%2Fv2%2Ftags&post=1394"}],"curies":[{"name":"wp","href":"https:\/\/api.w.org\/{rel}","templated":true}]}}