{"id":1392,"date":"2026-04-24T10:28:51","date_gmt":"2026-04-24T16:28:51","guid":{"rendered":"https:\/\/eldiariorepublicamx.com\/?p=1392"},"modified":"2026-04-24T10:28:51","modified_gmt":"2026-04-24T16:28:51","slug":"transmision-en-curso-de-la-conferencia-matutina-presidencial-de-este-viernes-desde-la-capital-del-pais","status":"publish","type":"post","link":"https:\/\/eldiariorepublicamx.com\/?p=1392","title":{"rendered":"Transmisi\u00f3n en curso de la conferencia matutina presidencial de este viernes desde la capital del pa\u00eds"},"content":{"rendered":"<p>La presidenta Claudia Sheinbaum Pardo lleva a cabo su conferencia de prensa matutina, conocida como La Ma\u00f1anera del Pueblo, este viernes 24 de abril de 2026 desde la Ciudad de M\u00e9xico.<\/p>\n<h3>Participaciones en la conferencia<\/h3>\n<p>Durante la transmisi\u00f3n en vivo de hoy est\u00e1 previsto que la secretaria de Turismo, Josefina Rodr\u00edguez, ofrezca un informe sobre su \u00e1rea de responsabilidad.<\/p>\n<p>Adem\u00e1s, se tiene programada la presentaci\u00f3n de una secci\u00f3n denominada &#8216;Suave Patria&#8217;.<\/p>\n<h3>Cobertura y disponibilidad<\/h3>\n<p>El medio Noticias El Debate invita al p\u00fablico a seguir la transmisi\u00f3n en vivo a trav\u00e9s de su p\u00e1gina de YouTube, no solo en esta jornada sino durante toda la semana.<\/p>\n","protected":false},"excerpt":{"rendered":"<p>La presidenta Claudia Sheinbaum Pardo lleva a cabo su conferencia de prensa matutina, conocida como La Ma\u00f1anera del Pueblo, este viernes 24 de abril de&hellip;<\/p>\n","protected":false},"author":2,"featured_media":1393,"comment_status":"open","ping_status":"open","sticky":false,"template":"","format":"standard","meta":{"footnotes":""},"categories":[252],"tags":[13,1150,404,1151,728],"class_list":["post-1392","post","type-post","status-publish","format-standard","has-post-thumbnail","hentry","category-agenda-nacional","tag-claudia-sheinbaum","tag-josefina-rodriguez","tag-mananera","tag-suave-patria","tag-turismo"],"_links":{"self":[{"href":"https:\/\/eldiariorepublicamx.com\/index.php?rest_route=\/wp\/v2\/posts\/1392","targetHints":{"allow":["GET"]}}],"collection":[{"href":"https:\/\/eldiariorepublicamx.com\/index.php?rest_route=\/wp\/v2\/posts"}],"about":[{"href":"https:\/\/eldiariorepublicamx.com\/index.php?rest_route=\/wp\/v2\/types\/post"}],"author":[{"embeddable":true,"href":"https:\/\/eldiariorepublicamx.com\/index.php?rest_route=\/wp\/v2\/users\/2"}],"replies":[{"embeddable":true,"href":"https:\/\/eldiariorepublicamx.com\/index.php?rest_route=%2Fwp%2Fv2%2Fcomments&post=1392"}],"version-history":[{"count":0,"href":"https:\/\/eldiariorepublicamx.com\/index.php?rest_route=\/wp\/v2\/posts\/1392\/revisions"}],"wp:featuredmedia":[{"embeddable":true,"href":"https:\/\/eldiariorepublicamx.com\/index.php?rest_route=\/wp\/v2\/media\/1393"}],"wp:attachment":[{"href":"https:\/\/eldiariorepublicamx.com\/index.php?rest_route=%2Fwp%2Fv2%2Fmedia&parent=1392"}],"wp:term":[{"taxonomy":"category","embeddable":true,"href":"https:\/\/eldiariorepublicamx.com\/index.php?rest_route=%2Fwp%2Fv2%2Fcategories&post=1392"},{"taxonomy":"post_tag","embeddable":true,"href":"https:\/\/eldiariorepublicamx.com\/index.php?rest_route=%2Fwp%2Fv2%2Ftags&post=1392"}],"curies":[{"name":"wp","href":"https:\/\/api.w.org\/{rel}","templated":true}]}}