{"id":1388,"date":"2026-04-24T10:28:44","date_gmt":"2026-04-24T16:28:44","guid":{"rendered":"https:\/\/eldiariorepublicamx.com\/?p=1388"},"modified":"2026-04-24T10:28:44","modified_gmt":"2026-04-24T16:28:44","slug":"conferencia-matutina-de-la-presidenta-sheinbaum-cultura-migracion-y-comercio-exterior-en-la-agenda-del-viernes","status":"publish","type":"post","link":"https:\/\/eldiariorepublicamx.com\/?p=1388","title":{"rendered":"Conferencia matutina de la presidenta Sheinbaum: cultura, migraci\u00f3n y comercio exterior en la agenda del viernes"},"content":{"rendered":"<p>La presidenta Claudia Sheinbaum dirigi\u00f3 la conferencia matutina conocida como Ma\u00f1anera del Pueblo este viernes 24 de abril de 2026 desde Palacio Nacional, enfoc\u00e1ndose en asuntos relacionados con la cultura, la migraci\u00f3n y el comercio exterior.<\/p>\n<h3>Temas centrales de la transmisi\u00f3n<\/h3>\n<p>Durante la tradicional reuni\u00f3n con la prensa, la mandataria abord\u00f3 varios puntos considerados clave para su administraci\u00f3n. El encuentro forma parte de la agenda de comunicaci\u00f3n diaria que sostiene el gobierno federal.<\/p>\n<p>El evento fue transmitido en vivo, manteniendo la costumbre establecida por administraciones anteriores de la Cuarta Transformaci\u00f3n para informar directamente al pueblo sobre las acciones de gobierno.<\/p>\n<h3>Acceso a la informaci\u00f3n oficial<\/h3>\n<p>La transmisi\u00f3n completa del encuentro del viernes est\u00e1 disponible para su consulta. Este formato de conferencia se realiza de lunes a viernes, ofreciendo un espacio para el escrutinio p\u00fablico de las pol\u00edticas federales.<\/p>\n","protected":false},"excerpt":{"rendered":"<p>La presidenta Claudia Sheinbaum dirigi\u00f3 la conferencia matutina conocida como Ma\u00f1anera del Pueblo este viernes 24 de abril de 2026 desde Palacio Nacional, enfoc\u00e1ndose en&hellip;<\/p>\n","protected":false},"author":2,"featured_media":1389,"comment_status":"open","ping_status":"open","sticky":false,"template":"","format":"standard","meta":{"footnotes":""},"categories":[252],"tags":[13,426,11,404,17],"class_list":["post-1388","post","type-post","status-publish","format-standard","has-post-thumbnail","hentry","category-agenda-nacional","tag-claudia-sheinbaum","tag-conferencia","tag-gobierno","tag-mananera","tag-palacio-nacional"],"_links":{"self":[{"href":"https:\/\/eldiariorepublicamx.com\/index.php?rest_route=\/wp\/v2\/posts\/1388","targetHints":{"allow":["GET"]}}],"collection":[{"href":"https:\/\/eldiariorepublicamx.com\/index.php?rest_route=\/wp\/v2\/posts"}],"about":[{"href":"https:\/\/eldiariorepublicamx.com\/index.php?rest_route=\/wp\/v2\/types\/post"}],"author":[{"embeddable":true,"href":"https:\/\/eldiariorepublicamx.com\/index.php?rest_route=\/wp\/v2\/users\/2"}],"replies":[{"embeddable":true,"href":"https:\/\/eldiariorepublicamx.com\/index.php?rest_route=%2Fwp%2Fv2%2Fcomments&post=1388"}],"version-history":[{"count":0,"href":"https:\/\/eldiariorepublicamx.com\/index.php?rest_route=\/wp\/v2\/posts\/1388\/revisions"}],"wp:featuredmedia":[{"embeddable":true,"href":"https:\/\/eldiariorepublicamx.com\/index.php?rest_route=\/wp\/v2\/media\/1389"}],"wp:attachment":[{"href":"https:\/\/eldiariorepublicamx.com\/index.php?rest_route=%2Fwp%2Fv2%2Fmedia&parent=1388"}],"wp:term":[{"taxonomy":"category","embeddable":true,"href":"https:\/\/eldiariorepublicamx.com\/index.php?rest_route=%2Fwp%2Fv2%2Fcategories&post=1388"},{"taxonomy":"post_tag","embeddable":true,"href":"https:\/\/eldiariorepublicamx.com\/index.php?rest_route=%2Fwp%2Fv2%2Ftags&post=1388"}],"curies":[{"name":"wp","href":"https:\/\/api.w.org\/{rel}","templated":true}]}}