{"id":1386,"date":"2026-04-24T10:28:35","date_gmt":"2026-04-24T16:28:35","guid":{"rendered":"https:\/\/eldiariorepublicamx.com\/?p=1386"},"modified":"2026-04-24T10:28:35","modified_gmt":"2026-04-24T16:28:35","slug":"sheinbaum-respalda-a-marcelo-ebrard-y-niega-su-salida-de-la-secretaria-de-economia","status":"publish","type":"post","link":"https:\/\/eldiariorepublicamx.com\/?p=1386","title":{"rendered":"Sheinbaum respalda a Marcelo Ebrard y niega su salida de la Secretar\u00eda de Econom\u00eda"},"content":{"rendered":"<p>La presidenta Claudia Sheinbaum asegur\u00f3 que Marcelo Ebrard permanecer\u00e1 como titular de la Secretar\u00eda de Econom\u00eda, desmintiendo as\u00ed rumores sobre un posible cambio en esa dependencia federal.<\/p>\n<h3>Desempe\u00f1o reconocido en la pol\u00edtica econ\u00f3mica<\/h3>\n<p>Durante su conferencia matutina, la mandataria federal fue enf\u00e1tica al confirmar la continuidad del funcionario en el cargo y aprovech\u00f3 para destacar su labor al frente de la pol\u00edtica econ\u00f3mica nacional.<\/p>\n<p>Sheinbaum puso \u00e9nfasis en el trabajo de Ebrard durante la revisi\u00f3n del Tratado M\u00e9xico-Estados Unidos-Canad\u00e1 (T-MEC), un proceso considerado fundamental para las relaciones comerciales del pa\u00eds con sus principales aliados.<\/p>\n","protected":false},"excerpt":{"rendered":"<p>La presidenta Claudia Sheinbaum asegur\u00f3 que Marcelo Ebrard permanecer\u00e1 como titular de la Secretar\u00eda de Econom\u00eda, desmintiendo as\u00ed rumores sobre un posible cambio en esa&hellip;<\/p>\n","protected":false},"author":2,"featured_media":1387,"comment_status":"open","ping_status":"open","sticky":false,"template":"","format":"standard","meta":{"footnotes":""},"categories":[252,52],"tags":[1148,64,1149,288,646],"class_list":["post-1386","post","type-post","status-publish","format-standard","has-post-thumbnail","hentry","category-agenda-nacional","category-economia","tag-ebrard","tag-economia","tag-secretaria","tag-sheinbaum","tag-t-mec"],"_links":{"self":[{"href":"https:\/\/eldiariorepublicamx.com\/index.php?rest_route=\/wp\/v2\/posts\/1386","targetHints":{"allow":["GET"]}}],"collection":[{"href":"https:\/\/eldiariorepublicamx.com\/index.php?rest_route=\/wp\/v2\/posts"}],"about":[{"href":"https:\/\/eldiariorepublicamx.com\/index.php?rest_route=\/wp\/v2\/types\/post"}],"author":[{"embeddable":true,"href":"https:\/\/eldiariorepublicamx.com\/index.php?rest_route=\/wp\/v2\/users\/2"}],"replies":[{"embeddable":true,"href":"https:\/\/eldiariorepublicamx.com\/index.php?rest_route=%2Fwp%2Fv2%2Fcomments&post=1386"}],"version-history":[{"count":0,"href":"https:\/\/eldiariorepublicamx.com\/index.php?rest_route=\/wp\/v2\/posts\/1386\/revisions"}],"wp:featuredmedia":[{"embeddable":true,"href":"https:\/\/eldiariorepublicamx.com\/index.php?rest_route=\/wp\/v2\/media\/1387"}],"wp:attachment":[{"href":"https:\/\/eldiariorepublicamx.com\/index.php?rest_route=%2Fwp%2Fv2%2Fmedia&parent=1386"}],"wp:term":[{"taxonomy":"category","embeddable":true,"href":"https:\/\/eldiariorepublicamx.com\/index.php?rest_route=%2Fwp%2Fv2%2Fcategories&post=1386"},{"taxonomy":"post_tag","embeddable":true,"href":"https:\/\/eldiariorepublicamx.com\/index.php?rest_route=%2Fwp%2Fv2%2Ftags&post=1386"}],"curies":[{"name":"wp","href":"https:\/\/api.w.org\/{rel}","templated":true}]}}