{"id":1377,"date":"2026-04-23T17:48:31","date_gmt":"2026-04-23T23:48:31","guid":{"rendered":"https:\/\/eldiariorepublicamx.com\/?p=1377"},"modified":"2026-04-23T17:48:32","modified_gmt":"2026-04-23T23:48:32","slug":"la-onu-reconoce-el-trabajo-de-mexico-sheinbaum-abre-una-nueva-etapa-de-cooperacion-en-derechos-humanos","status":"publish","type":"post","link":"https:\/\/eldiariorepublicamx.com\/?p=1377","title":{"rendered":"La ONU reconoce el trabajo de M\u00e9xico: Sheinbaum abre una nueva etapa de cooperaci\u00f3n en derechos humanos"},"content":{"rendered":"\n<p>Nuestra presidenta <strong>Claudia Sheinbaum<\/strong> y el Alto Comisionado de la ONU para los Derechos Humanos, <strong>Volker T\u00fcrk<\/strong>, sellaron un acuerdo de cooperaci\u00f3n que pone a M\u00e9xico en el centro de la conversaci\u00f3n internacional. As\u00ed lo confirm\u00f3 este jueves 23 de abril la mandataria, tras la reuni\u00f3n sostenida el martes 22 en <strong>Palacio Nacional<\/strong>, donde hubo, en sus propias palabras, &#8220;una muy buena conversaci\u00f3n&#8221;.<\/p>\n\n\n\n<p><strong>El mundo reconoce al M\u00e9xico de la 4T:<\/strong><\/p>\n\n\n\n<ul class=\"wp-block-list\">\n<li>Nuestra presidenta cont\u00f3 que T\u00fcrk qued\u00f3 <strong>gratamente sorprendido<\/strong> por las consultas ind\u00edgenas, por el presupuesto que el gobierno destina a los pueblos originarios y por la reforma al <strong>art\u00edculo segundo constitucional<\/strong>.<\/li>\n\n\n\n<li>El Alto Comisionado tambi\u00e9n visit\u00f3 el <strong>Instituto Nacional de los Pueblos Ind\u00edgenas<\/strong> y se reuni\u00f3 con la CNDH, con v\u00edctimas, con autoridades de los tres poderes y con organizaciones civiles.<\/li>\n\n\n\n<li>El encuentro incluy\u00f3 una fotograf\u00eda ante el mural <strong>Epopeya del pueblo mexicano<\/strong> de Diego Rivera, s\u00edmbolo del M\u00e9xico que hoy abre las puertas al di\u00e1logo internacional.<\/li>\n<\/ul>\n\n\n\n<p><strong>Cooperaci\u00f3n al servicio del pueblo:<\/strong><\/p>\n\n\n\n<ul class=\"wp-block-list\">\n<li>Nuestra presidenta solicit\u00f3 acompa\u00f1amiento de la ONU en los temas que m\u00e1s importan a las familias mexicanas: <strong>pueblos ind\u00edgenas, protecci\u00f3n de defensoras y defensores, y atenci\u00f3n a v\u00edctimas<\/strong>.<\/li>\n\n\n\n<li>La acompa\u00f1aron la secretaria de Gobernaci\u00f3n, <strong>Rosa Icela Rodr\u00edguez<\/strong>, y el secretario de Relaciones Exteriores, <strong>Roberto Velasco<\/strong>.<\/li>\n\n\n\n<li>T\u00fcrk respondi\u00f3 con total disposici\u00f3n: se abren todos los canales con la oficina de la ONU en M\u00e9xico como puente permanente.<\/li>\n<\/ul>\n\n\n\n<p><strong>Una presidenta que trabaja por las v\u00edctimas:<\/strong><\/p>\n\n\n\n<p>Nuestra presidenta expuso ante el Alto Comisionado todo lo que su gobierno est\u00e1 haciendo en materia de personas desaparecidas: la construcci\u00f3n del <strong>registro nacional<\/strong> y el fortalecimiento de las fiscal\u00edas en las labores de b\u00fasqueda. Su postura fue clara: &#8220;No es un tema de debate pol\u00edtico, es un tema de atenci\u00f3n a las v\u00edctimas&#8221;.<\/p>\n\n\n\n<p><strong>Y Sheinbaum lo dijo con orgullo:<\/strong><\/p>\n\n\n\n<p>&#8220;El respeto y promoci\u00f3n de los derechos humanos en nuestro pa\u00eds es un objetivo com\u00fan&#8221;, escribi\u00f3 nuestra presidenta en sus redes.<\/p>\n\n\n\n<p>La 4T gobierna con la cara en alto frente al mundo: hoy la ONU reconoce los avances del M\u00e9xico de Sheinbaum, y el pueblo sabe que detr\u00e1s de esa mesa de di\u00e1logo hay una presidenta que gobierna por las familias, por los pueblos originarios y por las v\u00edctimas.<\/p>\n","protected":false},"excerpt":{"rendered":"<p>Nuestra presidenta Claudia Sheinbaum y el Alto Comisionado de la ONU para los Derechos Humanos, Volker T\u00fcrk, sellaron un acuerdo de cooperaci\u00f3n que pone a&hellip;<\/p>\n","protected":false},"author":5,"featured_media":1369,"comment_status":"open","ping_status":"open","sticky":false,"template":"","format":"standard","meta":{"footnotes":""},"categories":[252,251],"tags":[],"class_list":["post-1377","post","type-post","status-publish","format-standard","has-post-thumbnail","hentry","category-agenda-nacional","category-la-mananera-en-breve"],"_links":{"self":[{"href":"https:\/\/eldiariorepublicamx.com\/index.php?rest_route=\/wp\/v2\/posts\/1377","targetHints":{"allow":["GET"]}}],"collection":[{"href":"https:\/\/eldiariorepublicamx.com\/index.php?rest_route=\/wp\/v2\/posts"}],"about":[{"href":"https:\/\/eldiariorepublicamx.com\/index.php?rest_route=\/wp\/v2\/types\/post"}],"author":[{"embeddable":true,"href":"https:\/\/eldiariorepublicamx.com\/index.php?rest_route=\/wp\/v2\/users\/5"}],"replies":[{"embeddable":true,"href":"https:\/\/eldiariorepublicamx.com\/index.php?rest_route=%2Fwp%2Fv2%2Fcomments&post=1377"}],"version-history":[{"count":1,"href":"https:\/\/eldiariorepublicamx.com\/index.php?rest_route=\/wp\/v2\/posts\/1377\/revisions"}],"predecessor-version":[{"id":1378,"href":"https:\/\/eldiariorepublicamx.com\/index.php?rest_route=\/wp\/v2\/posts\/1377\/revisions\/1378"}],"wp:featuredmedia":[{"embeddable":true,"href":"https:\/\/eldiariorepublicamx.com\/index.php?rest_route=\/wp\/v2\/media\/1369"}],"wp:attachment":[{"href":"https:\/\/eldiariorepublicamx.com\/index.php?rest_route=%2Fwp%2Fv2%2Fmedia&parent=1377"}],"wp:term":[{"taxonomy":"category","embeddable":true,"href":"https:\/\/eldiariorepublicamx.com\/index.php?rest_route=%2Fwp%2Fv2%2Fcategories&post=1377"},{"taxonomy":"post_tag","embeddable":true,"href":"https:\/\/eldiariorepublicamx.com\/index.php?rest_route=%2Fwp%2Fv2%2Ftags&post=1377"}],"curies":[{"name":"wp","href":"https:\/\/api.w.org\/{rel}","templated":true}]}}