{"id":1374,"date":"2026-04-23T16:17:22","date_gmt":"2026-04-23T22:17:22","guid":{"rendered":"https:\/\/eldiariorepublicamx.com\/?p=1374"},"modified":"2026-04-23T16:17:22","modified_gmt":"2026-04-23T22:17:22","slug":"el-pueblo-recupera-su-tren-sheinbaum-renombra-el-suburbano-como-tren-felipe-angeles-para-su-proxima-inauguracion","status":"publish","type":"post","link":"https:\/\/eldiariorepublicamx.com\/?p=1374","title":{"rendered":"El pueblo recupera su tren: Sheinbaum renombra el Suburbano como Tren Felipe \u00c1ngeles, para su pr\u00f3xima inauguraci\u00f3n"},"content":{"rendered":"\n<p>&#8220;Es un tren para el pueblo de M\u00e9xico&#8221;, con esas palabras, nuestra presidenta <strong>Claudia Sheinbaum Pardo<\/strong> anunci\u00f3 este 23 de abril que el Tren Suburbano fue rescatado de manos privadas y hoy pertenece, en su mayor\u00eda, al pueblo mexicano. Llevar\u00e1 con orgullo el nombre del <strong>general Felipe \u00c1ngeles<\/strong>, y este <strong>domingo 26 de abril<\/strong> se inaugura el tramo <strong>Buenavista\u2013AIFA<\/strong>, mientras avanzan las obras hacia <strong>Pachuca<\/strong>.<\/p>\n\n\n\n<p><strong>Un tren del pueblo, para el pueblo:<\/strong><\/p>\n\n\n\n<ul class=\"wp-block-list\">\n<li>Nuestra presidenta fue contundente: &#8220;es un tren para el pueblo de M\u00e9xico&#8221;. Ya no est\u00e1 al servicio de unos cuantos, est\u00e1 al servicio de las familias trabajadoras.<\/li>\n\n\n\n<li>El nuevo nombre, <strong>Tren Felipe \u00c1ngeles<\/strong>, honra al revolucionario mexicano y al esp\u00edritu de justicia social que mueve al gobierno de la 4T.<\/li>\n\n\n\n<li>El tramo <strong>Buenavista\u2013AIFA<\/strong> unir\u00e1 el centro de la Ciudad de M\u00e9xico con el <strong>Aeropuerto Internacional Felipe \u00c1ngeles<\/strong> en apenas <strong>43 minutos<\/strong>, con trenes cada <strong>15 minutos<\/strong> y horario de <strong>5:00 a 00:30 horas<\/strong>.<\/li>\n<\/ul>\n\n\n\n<p><strong>Lo que significa para las familias mexicanas:<\/strong><\/p>\n\n\n\n<ul class=\"wp-block-list\">\n<li>Menos horas perdidas en el tr\u00e1fico y m\u00e1s tiempo en casa con los suyos.<\/li>\n\n\n\n<li>Traslado econ\u00f3mico al AIFA con la <strong>Tarjeta de Movilidad Integrada<\/strong>, al alcance de todas y todos.<\/li>\n\n\n\n<li>Un transporte seguro, digno y moderno para quienes viajan a trabajar, estudiar o abordar un vuelo.<\/li>\n\n\n\n<li>Impulso al AIFA como motor de empleo para la zona norte del Valle de M\u00e9xico.<\/li>\n<\/ul>\n\n\n\n<p><strong>Y hay m\u00e1s buenas noticias:<\/strong><\/p>\n\n\n\n<p>Nuestra presidenta confirm\u00f3 que contin\u00faa la construcci\u00f3n del tramo <strong>AIFA\u2013Pachuca<\/strong>, que acercar\u00e1 Hidalgo y el Estado de M\u00e9xico con un transporte r\u00e1pido, limpio y p\u00fablico. El pueblo hidalguense tambi\u00e9n tendr\u00e1 su tren.<\/p>\n\n\n\n<p>Con esta obra, Sheinbaum reafirma lo que el pueblo ya sabe: que la 4T gobierna para quienes siempre hab\u00edan sido olvidados. Porque en este gobierno, las obras no son para las \u00e9lites, no son para los privados, son <strong>para el pueblo de M\u00e9xico<\/strong>.<strong>&nbsp;<\/strong><\/p>\n","protected":false},"excerpt":{"rendered":"<p>&#8220;Es un tren para el pueblo de M\u00e9xico&#8221;, con esas palabras, nuestra presidenta Claudia Sheinbaum Pardo anunci\u00f3 este 23 de abril que el Tren Suburbano&hellip;<\/p>\n","protected":false},"author":5,"featured_media":1375,"comment_status":"open","ping_status":"open","sticky":false,"template":"","format":"standard","meta":{"footnotes":""},"categories":[252,251],"tags":[13,45,288],"class_list":["post-1374","post","type-post","status-publish","format-standard","has-post-thumbnail","hentry","category-agenda-nacional","category-la-mananera-en-breve","tag-claudia-sheinbaum","tag-mexico","tag-sheinbaum"],"_links":{"self":[{"href":"https:\/\/eldiariorepublicamx.com\/index.php?rest_route=\/wp\/v2\/posts\/1374","targetHints":{"allow":["GET"]}}],"collection":[{"href":"https:\/\/eldiariorepublicamx.com\/index.php?rest_route=\/wp\/v2\/posts"}],"about":[{"href":"https:\/\/eldiariorepublicamx.com\/index.php?rest_route=\/wp\/v2\/types\/post"}],"author":[{"embeddable":true,"href":"https:\/\/eldiariorepublicamx.com\/index.php?rest_route=\/wp\/v2\/users\/5"}],"replies":[{"embeddable":true,"href":"https:\/\/eldiariorepublicamx.com\/index.php?rest_route=%2Fwp%2Fv2%2Fcomments&post=1374"}],"version-history":[{"count":1,"href":"https:\/\/eldiariorepublicamx.com\/index.php?rest_route=\/wp\/v2\/posts\/1374\/revisions"}],"predecessor-version":[{"id":1376,"href":"https:\/\/eldiariorepublicamx.com\/index.php?rest_route=\/wp\/v2\/posts\/1374\/revisions\/1376"}],"wp:featuredmedia":[{"embeddable":true,"href":"https:\/\/eldiariorepublicamx.com\/index.php?rest_route=\/wp\/v2\/media\/1375"}],"wp:attachment":[{"href":"https:\/\/eldiariorepublicamx.com\/index.php?rest_route=%2Fwp%2Fv2%2Fmedia&parent=1374"}],"wp:term":[{"taxonomy":"category","embeddable":true,"href":"https:\/\/eldiariorepublicamx.com\/index.php?rest_route=%2Fwp%2Fv2%2Fcategories&post=1374"},{"taxonomy":"post_tag","embeddable":true,"href":"https:\/\/eldiariorepublicamx.com\/index.php?rest_route=%2Fwp%2Fv2%2Ftags&post=1374"}],"curies":[{"name":"wp","href":"https:\/\/api.w.org\/{rel}","templated":true}]}}