{"id":1370,"date":"2026-04-23T12:30:07","date_gmt":"2026-04-23T18:30:07","guid":{"rendered":"https:\/\/eldiariorepublicamx.com\/?p=1370"},"modified":"2026-04-23T12:30:07","modified_gmt":"2026-04-23T18:30:07","slug":"dennis-te-kloese-asume-como-presidente-deportivo-de-rayados-de-monterrey","status":"publish","type":"post","link":"https:\/\/eldiariorepublicamx.com\/?p=1370","title":{"rendered":"Dennis te Kloese asume como Presidente Deportivo de Rayados de Monterrey"},"content":{"rendered":"<p>El Consejo Deportivo de FEMSA ha confirmado que Dennis te Kloese ser\u00e1 el nuevo Presidente Deportivo del Club de F\u00fatbol Monterrey, Rayados, tras un proceso de selecci\u00f3n exhaustivo. La decisi\u00f3n, que busca redefinir la estructura del club de cara al futuro, se tom\u00f3 por el perfil internacional y conocimiento local del directivo neerland\u00e9s.<\/p>\n<h3>Un perfil con experiencia dual<\/h3>\n<p>Para FEMSA, due\u00f1a del equipo, Dennis te Kloese representa la combinaci\u00f3n ideal entre formaci\u00f3n europea y experiencia en el f\u00fatbol mexicano. Por un lado, cuenta con un &#8220;ADN europeo&#8221; forjado en su reciente y exitosa gesti\u00f3n al frente del Feyenoord de los Pa\u00edses Bajos. Por otro, su pasado en las Fuerzas B\u00e1sicas de Chivas y su proyecci\u00f3n en Guadalajara le otorgan un entendimiento \u00fanico de la formaci\u00f3n de talento y la gesti\u00f3n de plantillas en la Liga MX.<\/p>\n<h3>Negociaci\u00f3n y pr\u00f3ximos pasos<\/h3>\n<p>Aunque mantiene v\u00ednculos contractuales con el Feyenoord, la directiva del club europeo ha facilitado su salida por el respeto mutuo y los logros alcanzados. Se reporta que el directivo qued\u00f3 &#8220;encantado&#8221; con la propuesta econ\u00f3mica y deportiva de Monterrey, que incluye un salario de \u00e9lite y control total sobre las decisiones deportivas. Por temas administrativos en Holanda, a\u00fan no ha firmado oficialmente ni se ha presentado en las instalaciones de &#8220;El Barrial&#8221;, pero se espera su viaje a M\u00e9xico en las pr\u00f3ximas fechas para formalizar el contrato y realizar su presentaci\u00f3n p\u00fablica.<\/p>\n<h3>Objetivos y expectativas del proyecto<\/h3>\n<p>La misi\u00f3n de Dennis te Kloese ser\u00e1 potenciar las fuerzas b\u00e1sicas y optimizar el mercado de fichajes internacional del club. Con su red de contactos en Europa, Monterrey aspira a convertirse en el principal exportador de talento mexicano al Viejo Continente, manteniendo una plantilla competitiva para pelear por t\u00edtulos cada semestre. La afici\u00f3n regiomontana ha recibido la noticia con optimismo, interpretando la contrataci\u00f3n como una declaraci\u00f3n de intenciones para que el club no solo sea el de mayor gasto, sino el de mejor gesti\u00f3n.<\/p>\n<p>Con experiencia previa en Chivas, la Selecci\u00f3n Mexicana y el Feyenoord, el arribo del neerland\u00e9s marca un hito en la historia de los despachos en M\u00e9xico y llega con el respaldo total de FEMSA para transformar a Rayados en un modelo de gesti\u00f3n deportiva a nivel continental.<\/p>\n","protected":false},"excerpt":{"rendered":"<p>El Consejo Deportivo de FEMSA ha confirmado que Dennis te Kloese ser\u00e1 el nuevo Presidente Deportivo del Club de F\u00fatbol Monterrey, Rayados, tras un proceso&hellip;<\/p>\n","protected":false},"author":2,"featured_media":1371,"comment_status":"open","ping_status":"open","sticky":false,"template":"","format":"standard","meta":{"footnotes":""},"categories":[291],"tags":[1135,1138,1137,1139,1136],"class_list":["post-1370","post","type-post","status-publish","format-standard","has-post-thumbnail","hentry","category-deportes","tag-dennis-te-kloese","tag-femsa","tag-monterrey","tag-presidente-deportivo","tag-rayados"],"_links":{"self":[{"href":"https:\/\/eldiariorepublicamx.com\/index.php?rest_route=\/wp\/v2\/posts\/1370","targetHints":{"allow":["GET"]}}],"collection":[{"href":"https:\/\/eldiariorepublicamx.com\/index.php?rest_route=\/wp\/v2\/posts"}],"about":[{"href":"https:\/\/eldiariorepublicamx.com\/index.php?rest_route=\/wp\/v2\/types\/post"}],"author":[{"embeddable":true,"href":"https:\/\/eldiariorepublicamx.com\/index.php?rest_route=\/wp\/v2\/users\/2"}],"replies":[{"embeddable":true,"href":"https:\/\/eldiariorepublicamx.com\/index.php?rest_route=%2Fwp%2Fv2%2Fcomments&post=1370"}],"version-history":[{"count":0,"href":"https:\/\/eldiariorepublicamx.com\/index.php?rest_route=\/wp\/v2\/posts\/1370\/revisions"}],"wp:featuredmedia":[{"embeddable":true,"href":"https:\/\/eldiariorepublicamx.com\/index.php?rest_route=\/wp\/v2\/media\/1371"}],"wp:attachment":[{"href":"https:\/\/eldiariorepublicamx.com\/index.php?rest_route=%2Fwp%2Fv2%2Fmedia&parent=1370"}],"wp:term":[{"taxonomy":"category","embeddable":true,"href":"https:\/\/eldiariorepublicamx.com\/index.php?rest_route=%2Fwp%2Fv2%2Fcategories&post=1370"},{"taxonomy":"post_tag","embeddable":true,"href":"https:\/\/eldiariorepublicamx.com\/index.php?rest_route=%2Fwp%2Fv2%2Ftags&post=1370"}],"curies":[{"name":"wp","href":"https:\/\/api.w.org\/{rel}","templated":true}]}}