{"id":1366,"date":"2026-04-23T10:26:35","date_gmt":"2026-04-23T16:26:35","guid":{"rendered":"https:\/\/eldiariorepublicamx.com\/?p=1366"},"modified":"2026-04-23T10:26:35","modified_gmt":"2026-04-23T16:26:35","slug":"roberto-lazzeri-sera-propuesto-como-embajador-de-mexico-en-estados-unidos","status":"publish","type":"post","link":"https:\/\/eldiariorepublicamx.com\/?p=1366","title":{"rendered":"Roberto Lazzeri ser\u00e1 propuesto como embajador de M\u00e9xico en Estados Unidos"},"content":{"rendered":"<p>Roberto Lazzeri Monta\u00f1o, al frente de Nacional Financiera (Nafin) y del Banco Nacional de Comercio Exterior (Bancomext), ser\u00e1 la persona que Claudia Sheinbaum propondr\u00e1 como nuevo Embajador de M\u00e9xico en Estados Unidos. La Presidenta hizo el anuncio desde Palacio Nacional durante su conferencia de prensa matutina de este jueves.<\/p>\n<h3>Proceso de designaci\u00f3n<\/h3>\n<p>Sheinbaum Pardo aclar\u00f3 que este nombramiento debe seguir un procedimiento formal. &#8220;Trascendi\u00f3 que estamos proponiendo a Roberto Lazzeri como Embajador en Estados Unidos. Tiene que seguir todo un procedimiento. Por eso no lo hab\u00edamos hecho p\u00fablico. Apenas se tiene que enviar a Estados Unidos y ver si Estados Unidos acepta este proceso&#8221;, dijo la mandataria.<\/p>\n<p>La Presidenta destac\u00f3 que Lazzeri tiene una amplia trayectoria en la Secretar\u00eda de Hacienda y Cr\u00e9dito P\u00fablico (SHCP), donde labor\u00f3 bajo la direcci\u00f3n de Rogelio Ram\u00edrez de la O.<\/p>\n<h3>Relaciones y experiencia<\/h3>\n<p>Seg\u00fan Sheinbaum, el funcionario mantiene una relaci\u00f3n s\u00f3lida tanto con el gobierno mexicano como con sus contrapartes estadounidenses, una labor que desempe\u00f1\u00f3 durante su tiempo en Hacienda.<\/p>\n<p>Tambi\u00e9n resalt\u00f3 la transformaci\u00f3n que Lazzeri ha impulsado en Nafin en un periodo breve, mencionando que se han incrementado los cr\u00e9ditos y se ha creado un fondo especial para fomentar la innovaci\u00f3n tecnol\u00f3gica.<\/p>\n<h3>Cambio en la embajada<\/h3>\n<p>El movimiento en la representaci\u00f3n diplom\u00e1tica en Washington se debe a que se le ofreci\u00f3 otro puesto dentro del equipo de gobierno a Esteban Moctezuma, quien ha sido el embajador desde 2021. &#8220;Le estamos proponiendo otro espacio que ya lo dir\u00e9 en su momento, pero es parte del equipo de Gobierno que tenemos&#8221;, adelant\u00f3 Sheinbaum.<\/p>\n<p>La Jefa del Ejecutivo reconoci\u00f3 que el tema comercial ser\u00e1 uno de los principales a atender con Estados Unidos, junto con la relaci\u00f3n hist\u00f3rica entre ambas naciones y la situaci\u00f3n de las y los mexicanos que residen en ese pa\u00eds.<\/p>\n","protected":false},"excerpt":{"rendered":"<p>Roberto Lazzeri Monta\u00f1o, al frente de Nacional Financiera (Nafin) y del Banco Nacional de Comercio Exterior (Bancomext), ser\u00e1 la persona que Claudia Sheinbaum propondr\u00e1 como&hellip;<\/p>\n","protected":false},"author":2,"featured_media":1367,"comment_status":"open","ping_status":"open","sticky":false,"template":"","format":"standard","meta":{"footnotes":""},"categories":[53,252],"tags":[13,1119,205,1133,1132],"class_list":["post-1366","post","type-post","status-publish","format-standard","has-post-thumbnail","hentry","category-agenda-internacional","category-agenda-nacional","tag-claudia-sheinbaum","tag-embajador","tag-estados-unidos","tag-nafin","tag-roberto-lazzeri"],"_links":{"self":[{"href":"https:\/\/eldiariorepublicamx.com\/index.php?rest_route=\/wp\/v2\/posts\/1366","targetHints":{"allow":["GET"]}}],"collection":[{"href":"https:\/\/eldiariorepublicamx.com\/index.php?rest_route=\/wp\/v2\/posts"}],"about":[{"href":"https:\/\/eldiariorepublicamx.com\/index.php?rest_route=\/wp\/v2\/types\/post"}],"author":[{"embeddable":true,"href":"https:\/\/eldiariorepublicamx.com\/index.php?rest_route=\/wp\/v2\/users\/2"}],"replies":[{"embeddable":true,"href":"https:\/\/eldiariorepublicamx.com\/index.php?rest_route=%2Fwp%2Fv2%2Fcomments&post=1366"}],"version-history":[{"count":0,"href":"https:\/\/eldiariorepublicamx.com\/index.php?rest_route=\/wp\/v2\/posts\/1366\/revisions"}],"wp:featuredmedia":[{"embeddable":true,"href":"https:\/\/eldiariorepublicamx.com\/index.php?rest_route=\/wp\/v2\/media\/1367"}],"wp:attachment":[{"href":"https:\/\/eldiariorepublicamx.com\/index.php?rest_route=%2Fwp%2Fv2%2Fmedia&parent=1366"}],"wp:term":[{"taxonomy":"category","embeddable":true,"href":"https:\/\/eldiariorepublicamx.com\/index.php?rest_route=%2Fwp%2Fv2%2Fcategories&post=1366"},{"taxonomy":"post_tag","embeddable":true,"href":"https:\/\/eldiariorepublicamx.com\/index.php?rest_route=%2Fwp%2Fv2%2Ftags&post=1366"}],"curies":[{"name":"wp","href":"https:\/\/api.w.org\/{rel}","templated":true}]}}