{"id":1364,"date":"2026-04-23T10:26:33","date_gmt":"2026-04-23T16:26:33","guid":{"rendered":"https:\/\/eldiariorepublicamx.com\/?p=1364"},"modified":"2026-04-23T10:26:33","modified_gmt":"2026-04-23T16:26:33","slug":"sheinbaum-intenta-contactar-a-gobernadora-de-chihuahua-tras-incidente-sin-exito","status":"publish","type":"post","link":"https:\/\/eldiariorepublicamx.com\/?p=1364","title":{"rendered":"Sheinbaum intenta contactar a gobernadora de Chihuahua tras incidente, sin \u00e9xito"},"content":{"rendered":"<p>Este jueves, la Presidenta Claudia Sheinbaum revel\u00f3 que no logr\u00f3 establecer comunicaci\u00f3n telef\u00f3nica con la Gobernadora de Chihuahua, Maru Campos, despu\u00e9s de un accidente fatal que involucr\u00f3 a dos agentes estadounidenses.<\/p>\n<h3>Llamada sin respuesta<\/h3>\n<p>Durante su conferencia de prensa matutina, la mandataria federal detall\u00f3 que ella misma realiz\u00f3 una llamada personal a Campos, pero la funcionaria estatal no se encontraba en su despacho. En su lugar, la llamada fue atendida por su secretario particular.<\/p>\n<p>&#8220;La busqu\u00e9 ayer. No estaba en la oficina. Contest\u00f3 el secretario particular. Hoy va a ver al secretario de Seguridad. Y bueno, espero que nos podamos contactar. Pero s\u00ed la busqu\u00e9 de manera personal y ya no hubo comunicaci\u00f3n&#8221;, declar\u00f3 Sheinbaum.<\/p>\n<h3>Prop\u00f3sito de la comunicaci\u00f3n<\/h3>\n<p>La Presidenta explic\u00f3 que orden\u00f3 a su equipo de trabajo gestionar un contacto con la gobernadora, con el objetivo de intercambiar puntos de vista sobre el suceso, especialmente en lo relativo a la presencia de personal extranjero en labores de seguridad dentro del estado de Chihuahua.<\/p>\n<p>A pesar de no haber logrado el contacto directo, Sheinbaum expres\u00f3 su confianza en que la reuni\u00f3n que Campos tendr\u00e1 con el Secretario de Seguridad y Protecci\u00f3n Ciudadana, Omar Garc\u00eda Harfuch, contribuir\u00e1 a esclarecer los hechos y facilitar\u00e1 el di\u00e1logo.<\/p>\n<p>&#8220;Ella va a ver hoy al Secretario de Seguridad. Viene a verlo aqu\u00ed a Palacio Nacional, a las oficinas de Omar&#8221;, a\u00f1adi\u00f3.<\/p>\n","protected":false},"excerpt":{"rendered":"<p>Este jueves, la Presidenta Claudia Sheinbaum revel\u00f3 que no logr\u00f3 establecer comunicaci\u00f3n telef\u00f3nica con la Gobernadora de Chihuahua, Maru Campos, despu\u00e9s de un accidente fatal&hellip;<\/p>\n","protected":false},"author":2,"featured_media":1365,"comment_status":"open","ping_status":"open","sticky":false,"template":"","format":"standard","meta":{"footnotes":""},"categories":[252,290],"tags":[989,13,815,1089,42],"class_list":["post-1364","post","type-post","status-publish","format-standard","has-post-thumbnail","hentry","category-agenda-nacional","category-sociedad-y-cultura","tag-chihuahua","tag-claudia-sheinbaum","tag-comunicacion","tag-maru-campos","tag-seguridad"],"_links":{"self":[{"href":"https:\/\/eldiariorepublicamx.com\/index.php?rest_route=\/wp\/v2\/posts\/1364","targetHints":{"allow":["GET"]}}],"collection":[{"href":"https:\/\/eldiariorepublicamx.com\/index.php?rest_route=\/wp\/v2\/posts"}],"about":[{"href":"https:\/\/eldiariorepublicamx.com\/index.php?rest_route=\/wp\/v2\/types\/post"}],"author":[{"embeddable":true,"href":"https:\/\/eldiariorepublicamx.com\/index.php?rest_route=\/wp\/v2\/users\/2"}],"replies":[{"embeddable":true,"href":"https:\/\/eldiariorepublicamx.com\/index.php?rest_route=%2Fwp%2Fv2%2Fcomments&post=1364"}],"version-history":[{"count":0,"href":"https:\/\/eldiariorepublicamx.com\/index.php?rest_route=\/wp\/v2\/posts\/1364\/revisions"}],"wp:featuredmedia":[{"embeddable":true,"href":"https:\/\/eldiariorepublicamx.com\/index.php?rest_route=\/wp\/v2\/media\/1365"}],"wp:attachment":[{"href":"https:\/\/eldiariorepublicamx.com\/index.php?rest_route=%2Fwp%2Fv2%2Fmedia&parent=1364"}],"wp:term":[{"taxonomy":"category","embeddable":true,"href":"https:\/\/eldiariorepublicamx.com\/index.php?rest_route=%2Fwp%2Fv2%2Fcategories&post=1364"},{"taxonomy":"post_tag","embeddable":true,"href":"https:\/\/eldiariorepublicamx.com\/index.php?rest_route=%2Fwp%2Fv2%2Ftags&post=1364"}],"curies":[{"name":"wp","href":"https:\/\/api.w.org\/{rel}","templated":true}]}}