{"id":1362,"date":"2026-04-23T10:26:32","date_gmt":"2026-04-23T16:26:32","guid":{"rendered":"https:\/\/eldiariorepublicamx.com\/?p=1362"},"modified":"2026-04-23T10:26:32","modified_gmt":"2026-04-23T16:26:32","slug":"morena-define-cronograma-para-seleccion-de-coordinadores-rumbo-a-elecciones-2027-en-tamaulipas","status":"publish","type":"post","link":"https:\/\/eldiariorepublicamx.com\/?p=1362","title":{"rendered":"Morena define cronograma para selecci\u00f3n de coordinadores rumbo a elecciones 2027 en Tamaulipas"},"content":{"rendered":"<p>El partido Morena adelant\u00f3 su calendario interno para seleccionar a los coordinadores de los Comit\u00e9s de Defensa de la Cuarta Transformaci\u00f3n, un proceso que ahora se realizar\u00e1 entre junio y noviembre de este a\u00f1o, activando a las dirigencias y aspirantes en todo el pa\u00eds de cara a los comicios federales y locales de 2027.<\/p>\n<h3>Proceso de selecci\u00f3n y fechas clave<\/h3>\n<p>Los coordinadores que resulten elegidos se convertir\u00e1n en precandidatos y posteriormente en candidatos oficiales para las elecciones de diputados federales, gobernadores en 17 estados, legisladores locales y cientos de presidencias municipales. En Tamaulipas, el cronograma establece que los coordinadores de los 8 distritos federales deber\u00e1n estar definidos para el 3 de agosto de 2026, los de los 43 municipios para el 21 de septiembre y los de los 22 distritos locales para el 8 de noviembre.<\/p>\n<p>La selecci\u00f3n se llevar\u00e1 a cabo mediante encuestas y se permitir\u00e1 un m\u00e1ximo de seis aspirantes por cargo, tres mujeres y tres hombres, que hayan superado una primera valoraci\u00f3n en sondeos de reconocimiento.<\/p>\n<h3>Directriz de la Presidenta y tensiones internas<\/h3>\n<p>La Presidenta Claudia Sheinbaum ha sido clara en su l\u00ednea para los militantes del partido: aquellos servidores p\u00fablicos federales que aspiren a participar en el proceso electoral deben renunciar a sus cargos con anticipaci\u00f3n. Se espera que esta misma disposici\u00f3n se aplique en Tamaulipas, lo que podr\u00eda generar una serie de renuncias entre funcionarios estatales y municipales en los pr\u00f3ximos meses.<\/p>\n<p>Morena mantiene una postura firme en contra del nepotismo, lo que ha generado fricciones con sus partidos aliados, el PVEM y el PT. Dirigentes nacionales y estatales de estas fuerzas han se\u00f1alado que eval\u00faan la posibilidad de postular candidatos propios para competir de manera independiente en diversos distritos federales, municipios, distritos locales y entidades.<\/p>\n<h3>La fuerza electoral de Morena en Tamaulipas<\/h3>\n<p>Para dimensionar el peso real de cada partido en el estado, se pueden revisar los resultados de las elecciones presidenciales de 2024. La candidata Claudia Sheinbaum obtuvo 1,013,715 votos en Tamaulipas. De ese total, Morena aport\u00f3 por s\u00ed solo 846,310 votos, mientras que el PVEM contribuy\u00f3 con 92,989 y el PT con 74,416. Esto significa que Morena obtuvo el doble de votos que el PAN en la entidad.<\/p>\n<p>Este dominio se replic\u00f3 en los ocho distritos electorales federales de Tamaulipas, donde Morena obtuvo la mayor\u00eda de votos en cada uno. Por ejemplo, en el Distrito 1 de Nuevo Laredo consigui\u00f3 88,080 votos frente a 66,155 del PAN; en el Distrito 2 de Reynosa sum\u00f3 93,231 contra 25,387 del PAN; y en el Distrito 8 de Tampico alcanz\u00f3 135,082 votos, superando los 69,952 del PAN.<\/p>\n<h3>Panorama para aliados y nuevos competidores<\/h3>\n<p>Considerando estas cifras, el an\u00e1lisis sugiere que el PVEM y el PT carecen de la fuerza electoral necesaria para presionar o negociar de manera determinante la asignaci\u00f3n de coordinaciones o candidaturas en el estado. Este escenario se complejizar\u00e1 a partir de agosto con la posible llegada de nuevos partidos pol\u00edticos nacionales, como el Partido Somos M\u00e9xico, el Partido Construyamos Sociedades de Paz de pastores evang\u00e9licos y el Partido Que Siga la Democracia integrado por exmilitantes de Morena, todos en busca de alianzas y votos.<\/p>\n<p>Frente a este mapa, los pol\u00edticos del PVEM y el PT en Tamaulipas deber\u00e1n decidir si mantienen su militancia en esos partidos o se suman a la mayor\u00eda que milita y se postula por Morena. Corresponder\u00e1 a los electores definir su voto bas\u00e1ndose en los m\u00e9ritos, la honestidad y el compromiso social de los candidatos. El reloj electoral avanza y para muchos aspirantes, el camino hacia 2027 podr\u00eda definirse durante el tercer trimestre de 2026.<\/p>\n","protected":false},"excerpt":{"rendered":"<p>El partido Morena adelant\u00f3 su calendario interno para seleccionar a los coordinadores de los Comit\u00e9s de Defensa de la Cuarta Transformaci\u00f3n, un proceso que ahora&hellip;<\/p>\n","protected":false},"author":2,"featured_media":1363,"comment_status":"open","ping_status":"open","sticky":false,"template":"","format":"standard","meta":{"footnotes":""},"categories":[252],"tags":[1131,374,18,15,16,301],"class_list":["post-1362","post","type-post","status-publish","format-standard","has-post-thumbnail","hentry","category-agenda-nacional","tag-coordinadores","tag-elecciones","tag-morena","tag-pt","tag-pvem","tag-tamaulipas"],"_links":{"self":[{"href":"https:\/\/eldiariorepublicamx.com\/index.php?rest_route=\/wp\/v2\/posts\/1362","targetHints":{"allow":["GET"]}}],"collection":[{"href":"https:\/\/eldiariorepublicamx.com\/index.php?rest_route=\/wp\/v2\/posts"}],"about":[{"href":"https:\/\/eldiariorepublicamx.com\/index.php?rest_route=\/wp\/v2\/types\/post"}],"author":[{"embeddable":true,"href":"https:\/\/eldiariorepublicamx.com\/index.php?rest_route=\/wp\/v2\/users\/2"}],"replies":[{"embeddable":true,"href":"https:\/\/eldiariorepublicamx.com\/index.php?rest_route=%2Fwp%2Fv2%2Fcomments&post=1362"}],"version-history":[{"count":0,"href":"https:\/\/eldiariorepublicamx.com\/index.php?rest_route=\/wp\/v2\/posts\/1362\/revisions"}],"wp:featuredmedia":[{"embeddable":true,"href":"https:\/\/eldiariorepublicamx.com\/index.php?rest_route=\/wp\/v2\/media\/1363"}],"wp:attachment":[{"href":"https:\/\/eldiariorepublicamx.com\/index.php?rest_route=%2Fwp%2Fv2%2Fmedia&parent=1362"}],"wp:term":[{"taxonomy":"category","embeddable":true,"href":"https:\/\/eldiariorepublicamx.com\/index.php?rest_route=%2Fwp%2Fv2%2Fcategories&post=1362"},{"taxonomy":"post_tag","embeddable":true,"href":"https:\/\/eldiariorepublicamx.com\/index.php?rest_route=%2Fwp%2Fv2%2Ftags&post=1362"}],"curies":[{"name":"wp","href":"https:\/\/api.w.org\/{rel}","templated":true}]}}