{"id":136,"date":"2026-03-22T12:26:15","date_gmt":"2026-03-22T18:26:15","guid":{"rendered":"https:\/\/eldiariorepublicamx.com\/?p=136"},"modified":"2026-03-22T12:26:15","modified_gmt":"2026-03-22T18:26:15","slug":"claudia-sheinbaum-declara-el-turismo-comunitario-como-actividad-de-interes-publico-y-prioridad-nacional","status":"publish","type":"post","link":"https:\/\/eldiariorepublicamx.com\/?p=136","title":{"rendered":"Claudia Sheinbaum declara el Turismo Comunitario como actividad de inter\u00e9s p\u00fablico y prioridad nacional"},"content":{"rendered":"<p>La presidenta Claudia Sheinbaum Pardo firm\u00f3 un decreto que declara al Turismo Comunitario como una actividad de inter\u00e9s p\u00fablico y de prioridad nacional, con el objetivo de impulsar el desarrollo de destinos tur\u00edsticos gestionados por comunidades ind\u00edgenas y originarias. El anuncio, realizado en Felipe Carrillo Puerto, Quintana Roo, busca reconocer y fortalecer el turismo del &#8220;M\u00e9xico profundo&#8221;, basado en la cultura, tradici\u00f3n y territorio de los pueblos originarios.<\/p>\n<h3>Reconocimiento a los pueblos originarios<\/h3>\n<p>&#8220;Estamos reconociendo, tambi\u00e9n por justicia, el Turismo Comunitario, que es el turismo del M\u00e9xico de a deveras, del M\u00e9xico profundo&#8221;, afirm\u00f3 la mandataria. Destac\u00f3 que, si bien destinos como Canc\u00fan tienen atractivo internacional, el verdadero conocimiento del pa\u00eds se encuentra en las comunidades, donde los visitantes pueden experimentar de cerca la vida, los tejidos, los bordados y la cosmovisi\u00f3n de los pueblos mayas y otros grupos originarios.<\/p>\n<p>Sheinbaum record\u00f3 que desde el inicio de la Cuarta Transformaci\u00f3n se ha trabajado en el reconocimiento constitucional de los pueblos ind\u00edgenas, con reformas como la del art\u00edculo 2 de la Constituci\u00f3n, as\u00ed como la creaci\u00f3n del Fondo de Aportaciones para la Infraestructura Social para Pueblos Ind\u00edgenas y Afromexicanos (Faispiam), que asigna recursos directos a estas comunidades.<\/p>\n<h3>Inversi\u00f3n y desarrollo de tres destinos iniciales<\/h3>\n<p>El director general del Fondo Nacional de Fomento al Turismo (Fonatur), Sebasti\u00e1n Ram\u00edrez Mendoza, anunci\u00f3 que en el sexenio de la presidenta se crear\u00e1n inicialmente tres Destinos Tur\u00edsticos Comunitarios (DTC): Maya Ka\u2019an en Quintana Roo, el Camino del Mayab en Yucat\u00e1n y los Pueblos Mancomunados en Oaxaca. Fonatur realizar\u00e1 inversiones anuales para fortalecer la infraestructura y equipamiento de estos destinos, garantizando que los productos y servicios tur\u00edsticos sean provistos por empresas comunitarias.<\/p>\n<p>&#8220;Ahora Fonatur cada a\u00f1o va a hacer una inversi\u00f3n de recursos para fortalecer el equipamiento y la infraestructura de Maya Ka\u2019an y poderlos consolidar como destino tur\u00edstico comunitario, tal como lo establece el Decreto que hoy firma la Presidenta&#8221;, explic\u00f3 Ram\u00edrez Mendoza.<\/p>\n<h3>Beneficios econ\u00f3micos y ambientales<\/h3>\n<p>El presidente de la Alianza Peninsular de Turismo Comunitario, Rom\u00e1n Caamal Coh, se\u00f1al\u00f3 que esta actividad genera m\u00e1s de 30 millones de pesos anuales, recursos que se quedan \u00edntegramente en las comunidades. Adem\u00e1s, destac\u00f3 que el turismo comunitario ha permitido la conservaci\u00f3n de m\u00e1s de 7 mil 700 hect\u00e1reas en la Pen\u00ednsula de Yucat\u00e1n.<\/p>\n<p>La gobernadora de Quintana Roo, Mara Lezama Espinosa, calific\u00f3 la firma del decreto como un momento hist\u00f3rico para el estado y celebr\u00f3 que se haya realizado en Maya Ka\u2019an, un modelo consolidado y replicable de turismo comunitario.<\/p>\n<h3>Estructura de coordinaci\u00f3n nacional<\/h3>\n<p>El decreto prev\u00e9 la creaci\u00f3n de la Coordinaci\u00f3n Nacional para el Fomento del Turismo Comunitario, que ser\u00e1 presidida por Fonatur e integrada por representantes de las secretar\u00edas del Bienestar, Medio Ambiente y Recursos Naturales, Cultura y Turismo, as\u00ed como la Procuradur\u00eda Agraria, el Instituto Nacional de los Pueblos Ind\u00edgenas (INPI), universidades y organizaciones de la sociedad civil. Esta instancia tendr\u00e1 la responsabilidad de planear, conducir y orientar la actividad tur\u00edstica bajo criterios de equidad y autodeterminaci\u00f3n comunitaria.<\/p>\n","protected":false},"excerpt":{"rendered":"<p>La presidenta Claudia Sheinbaum Pardo firm\u00f3 un decreto que declara al Turismo Comunitario como una actividad de inter\u00e9s p\u00fablico y de prioridad nacional, con el&hellip;<\/p>\n","protected":false},"author":2,"featured_media":137,"comment_status":"open","ping_status":"open","sticky":false,"template":"","format":"standard","meta":{"footnotes":""},"categories":[52],"tags":[13,221,219,220,218],"class_list":["post-136","post","type-post","status-publish","format-standard","has-post-thumbnail","hentry","category-economia","tag-claudia-sheinbaum","tag-destinos-turisticos-comunitarios","tag-fonatur","tag-maya-kaan","tag-turismo-comunitario"],"_links":{"self":[{"href":"https:\/\/eldiariorepublicamx.com\/index.php?rest_route=\/wp\/v2\/posts\/136","targetHints":{"allow":["GET"]}}],"collection":[{"href":"https:\/\/eldiariorepublicamx.com\/index.php?rest_route=\/wp\/v2\/posts"}],"about":[{"href":"https:\/\/eldiariorepublicamx.com\/index.php?rest_route=\/wp\/v2\/types\/post"}],"author":[{"embeddable":true,"href":"https:\/\/eldiariorepublicamx.com\/index.php?rest_route=\/wp\/v2\/users\/2"}],"replies":[{"embeddable":true,"href":"https:\/\/eldiariorepublicamx.com\/index.php?rest_route=%2Fwp%2Fv2%2Fcomments&post=136"}],"version-history":[{"count":0,"href":"https:\/\/eldiariorepublicamx.com\/index.php?rest_route=\/wp\/v2\/posts\/136\/revisions"}],"wp:featuredmedia":[{"embeddable":true,"href":"https:\/\/eldiariorepublicamx.com\/index.php?rest_route=\/wp\/v2\/media\/137"}],"wp:attachment":[{"href":"https:\/\/eldiariorepublicamx.com\/index.php?rest_route=%2Fwp%2Fv2%2Fmedia&parent=136"}],"wp:term":[{"taxonomy":"category","embeddable":true,"href":"https:\/\/eldiariorepublicamx.com\/index.php?rest_route=%2Fwp%2Fv2%2Fcategories&post=136"},{"taxonomy":"post_tag","embeddable":true,"href":"https:\/\/eldiariorepublicamx.com\/index.php?rest_route=%2Fwp%2Fv2%2Ftags&post=136"}],"curies":[{"name":"wp","href":"https:\/\/api.w.org\/{rel}","templated":true}]}}