{"id":1358,"date":"2026-04-23T10:26:27","date_gmt":"2026-04-23T16:26:27","guid":{"rendered":"https:\/\/eldiariorepublicamx.com\/?p=1358"},"modified":"2026-04-23T10:26:27","modified_gmt":"2026-04-23T16:26:27","slug":"sheinbaum-establece-fecha-para-la-toma-de-posesion-de-luisa-maria-alcalde-en-consejeria-juridica","status":"publish","type":"post","link":"https:\/\/eldiariorepublicamx.com\/?p=1358","title":{"rendered":"Sheinbaum establece fecha para la toma de posesi\u00f3n de Luisa Mar\u00eda Alcalde en Consejer\u00eda Jur\u00eddica"},"content":{"rendered":"<p>La presidenta Claudia Sheinbaum anunci\u00f3 que Luisa Mar\u00eda Alcalde asumir\u00e1 formalmente el cargo de titular de la Consejer\u00eda Jur\u00eddica del Ejecutivo Federal el pr\u00f3ximo 1 de mayo, confirmando as\u00ed la fecha para este relevo en el equipo de gobierno.<\/p>\n<h3>Transici\u00f3n en curso y aclaraciones sobre Bienestar<\/h3>\n<p>Sheinbaum explic\u00f3 que, en paralelo a la preparaci\u00f3n para su nueva responsabilidad, Alcalde debe concluir ciertos tr\u00e1mites dentro de la estructura del partido Morena, mientras avanza el proceso de transici\u00f3n administrativa en la dependencia federal.<\/p>\n<p>En otro tema, la mandataria se refiri\u00f3 a especulaciones sobre modificaciones en la Secretar\u00eda de Bienestar. Al ser interrogada sobre rumores de que Ariadna Montiel dejar\u00eda el cargo para sumarse a labores partidistas, Sheinbaum neg\u00f3 que exista alg\u00fan cambio pr\u00f3ximo.<\/p>\n<h3>Encuentro pendiente entre funcionarias<\/h3>\n<p>&#8220;Tiene rato que no veo a Ariadna. Ella est\u00e1 muy ocupada con el tema de la credencializaci\u00f3n del Servicio Universal de Salud&#8221;, coment\u00f3 la presidenta, a\u00f1adiendo que no se ha reunido recientemente con la secretaria debido a su intensa agenda de trabajo.<\/p>\n<p>Sheinbaum anticip\u00f3 que ser\u00e1 durante la gira de trabajo que realizar\u00e1 este fin de semana en Hidalgo cuando coincidir\u00e1 con Montiel, oportunidad que aprovechar\u00e1n para conversar sobre los progresos de la dependencia a su cargo.<\/p>\n","protected":false},"excerpt":{"rendered":"<p>La presidenta Claudia Sheinbaum anunci\u00f3 que Luisa Mar\u00eda Alcalde asumir\u00e1 formalmente el cargo de titular de la Consejer\u00eda Jur\u00eddica del Ejecutivo Federal el pr\u00f3ximo 1&hellip;<\/p>\n","protected":false},"author":2,"featured_media":1359,"comment_status":"open","ping_status":"open","sticky":false,"template":"","format":"standard","meta":{"footnotes":""},"categories":[252],"tags":[1127,661,75,18,288],"class_list":["post-1358","post","type-post","status-publish","format-standard","has-post-thumbnail","hentry","category-agenda-nacional","tag-alcalde","tag-bienestar","tag-consejeria-juridica","tag-morena","tag-sheinbaum"],"_links":{"self":[{"href":"https:\/\/eldiariorepublicamx.com\/index.php?rest_route=\/wp\/v2\/posts\/1358","targetHints":{"allow":["GET"]}}],"collection":[{"href":"https:\/\/eldiariorepublicamx.com\/index.php?rest_route=\/wp\/v2\/posts"}],"about":[{"href":"https:\/\/eldiariorepublicamx.com\/index.php?rest_route=\/wp\/v2\/types\/post"}],"author":[{"embeddable":true,"href":"https:\/\/eldiariorepublicamx.com\/index.php?rest_route=\/wp\/v2\/users\/2"}],"replies":[{"embeddable":true,"href":"https:\/\/eldiariorepublicamx.com\/index.php?rest_route=%2Fwp%2Fv2%2Fcomments&post=1358"}],"version-history":[{"count":0,"href":"https:\/\/eldiariorepublicamx.com\/index.php?rest_route=\/wp\/v2\/posts\/1358\/revisions"}],"wp:featuredmedia":[{"embeddable":true,"href":"https:\/\/eldiariorepublicamx.com\/index.php?rest_route=\/wp\/v2\/media\/1359"}],"wp:attachment":[{"href":"https:\/\/eldiariorepublicamx.com\/index.php?rest_route=%2Fwp%2Fv2%2Fmedia&parent=1358"}],"wp:term":[{"taxonomy":"category","embeddable":true,"href":"https:\/\/eldiariorepublicamx.com\/index.php?rest_route=%2Fwp%2Fv2%2Fcategories&post=1358"},{"taxonomy":"post_tag","embeddable":true,"href":"https:\/\/eldiariorepublicamx.com\/index.php?rest_route=%2Fwp%2Fv2%2Ftags&post=1358"}],"curies":[{"name":"wp","href":"https:\/\/api.w.org\/{rel}","templated":true}]}}