{"id":1352,"date":"2026-04-23T10:26:13","date_gmt":"2026-04-23T16:26:13","guid":{"rendered":"https:\/\/eldiariorepublicamx.com\/?p=1352"},"modified":"2026-04-23T10:26:13","modified_gmt":"2026-04-23T16:26:13","slug":"sheinbaum-anuncia-estatizacion-del-tren-suburbano-al-aifa-y-nombra-a-alcalde-en-consejeria-durante-la-mananera","status":"publish","type":"post","link":"https:\/\/eldiariorepublicamx.com\/?p=1352","title":{"rendered":"Sheinbaum anuncia estatizaci\u00f3n del Tren Suburbano al AIFA y nombra a Alcalde en consejer\u00eda durante la ma\u00f1anera"},"content":{"rendered":"<p>Durante la conferencia matutina de este jueves 23 de abril, la presidenta Claudia Sheinbaum anunci\u00f3 desde Palacio Nacional la reincorporaci\u00f3n del proyecto del Tren Suburbano a la gesti\u00f3n del gobierno federal y confirm\u00f3 el nombramiento de Luisa Mar\u00eda Alcalde al frente de la Consejer\u00eda Jur\u00eddica de la Presidencia.<\/p>\n<h3>Federalizaci\u00f3n del Tren AIFA<\/h3>\n<p>Jorge Alberto Mendoza, director de Banobras, inform\u00f3 que el proyecto ahora conocido como &#8216;Tren Felipe \u00c1ngeles&#8217; pasar\u00e1 a ser operado directamente por el gobierno federal tras la adquisici\u00f3n del 51% de las acciones por parte del FONADIN y sus socios. La mandataria inaugurar\u00e1 el domingo 26 la ruta de Lecher\u00eda al Aeropuerto Internacional Felipe \u00c1ngeles.<\/p>\n<h3>Cambio en la estructura jur\u00eddica<\/h3>\n<p>Sheinbaum detall\u00f3 que Luisa Mar\u00eda Alcalde asumir\u00e1 la Consejer\u00eda Jur\u00eddica el pr\u00f3ximo 1 de mayo, tras la renuncia de Esthela Dami\u00e1n, quien buscar\u00e1 una candidatura en Guerrero. Este nombramiento fue anunciado por la presidenta el pasado mi\u00e9rcoles.<\/p>\n<h3>Obras de infraestructura en Colima<\/h3>\n<p>De manera paralela, se report\u00f3 la inauguraci\u00f3n de varios puentes vehiculares en la zona metropolitana de Colima y Villa de \u00c1lvarez, obra realizada por la gobernadora Indira Vizca\u00edno Silva y el titular de la SICT, Jes\u00fas Esteva. Durante el evento, Vizca\u00edno destac\u00f3 que uno de los puentes rinde homenaje a la maestra Celsa Virgen P\u00e9rez y fue construido en un sitio distinto al planeado inicialmente para optimizar la conectividad en la regi\u00f3n.<\/p>\n","protected":false},"excerpt":{"rendered":"<p>Durante la conferencia matutina de este jueves 23 de abril, la presidenta Claudia Sheinbaum anunci\u00f3 desde Palacio Nacional la reincorporaci\u00f3n del proyecto del Tren Suburbano&hellip;<\/p>\n","protected":false},"author":2,"featured_media":1353,"comment_status":"open","ping_status":"open","sticky":false,"template":"","format":"standard","meta":{"footnotes":""},"categories":[251],"tags":[541,13,75,1120,1056],"class_list":["post-1352","post","type-post","status-publish","format-standard","has-post-thumbnail","hentry","category-la-mananera-en-breve","tag-aifa","tag-claudia-sheinbaum","tag-consejeria-juridica","tag-luisa-maria-alcalde","tag-tren-suburbano"],"_links":{"self":[{"href":"https:\/\/eldiariorepublicamx.com\/index.php?rest_route=\/wp\/v2\/posts\/1352","targetHints":{"allow":["GET"]}}],"collection":[{"href":"https:\/\/eldiariorepublicamx.com\/index.php?rest_route=\/wp\/v2\/posts"}],"about":[{"href":"https:\/\/eldiariorepublicamx.com\/index.php?rest_route=\/wp\/v2\/types\/post"}],"author":[{"embeddable":true,"href":"https:\/\/eldiariorepublicamx.com\/index.php?rest_route=\/wp\/v2\/users\/2"}],"replies":[{"embeddable":true,"href":"https:\/\/eldiariorepublicamx.com\/index.php?rest_route=%2Fwp%2Fv2%2Fcomments&post=1352"}],"version-history":[{"count":0,"href":"https:\/\/eldiariorepublicamx.com\/index.php?rest_route=\/wp\/v2\/posts\/1352\/revisions"}],"wp:featuredmedia":[{"embeddable":true,"href":"https:\/\/eldiariorepublicamx.com\/index.php?rest_route=\/wp\/v2\/media\/1353"}],"wp:attachment":[{"href":"https:\/\/eldiariorepublicamx.com\/index.php?rest_route=%2Fwp%2Fv2%2Fmedia&parent=1352"}],"wp:term":[{"taxonomy":"category","embeddable":true,"href":"https:\/\/eldiariorepublicamx.com\/index.php?rest_route=%2Fwp%2Fv2%2Fcategories&post=1352"},{"taxonomy":"post_tag","embeddable":true,"href":"https:\/\/eldiariorepublicamx.com\/index.php?rest_route=%2Fwp%2Fv2%2Ftags&post=1352"}],"curies":[{"name":"wp","href":"https:\/\/api.w.org\/{rel}","templated":true}]}}