{"id":1350,"date":"2026-04-23T08:26:45","date_gmt":"2026-04-23T14:26:45","guid":{"rendered":"https:\/\/eldiariorepublicamx.com\/?p=1350"},"modified":"2026-04-23T08:26:45","modified_gmt":"2026-04-23T14:26:45","slug":"sheinbaum-anuncia-en-su-conferencia-matutina-la-compra-del-tren-suburbano-y-nombra-nuevo-embajador-en-estados-unidos","status":"publish","type":"post","link":"https:\/\/eldiariorepublicamx.com\/?p=1350","title":{"rendered":"Sheinbaum anuncia en su conferencia matutina la compra del Tren Suburbano y nombra nuevo embajador en Estados Unidos"},"content":{"rendered":"<p>Durante su conferencia de prensa matutina de este jueves 23 de abril de 2026, la presidenta Claudia Sheinbaum Pardo, desde Palacio Nacional en la Ciudad de M\u00e9xico, anunci\u00f3 la adquisici\u00f3n por parte del gobierno federal del Tren Suburbano, un proyecto que conecta el centro de la capital con el Estado de M\u00e9xico y que ahora pasa a ser propiedad p\u00fablica.<\/p>\n<h3>Inversi\u00f3n y etapas del Plan M\u00e9xico<\/h3>\n<p>La mandataria detall\u00f3 que el costo de la compra de las acciones a las empresas CAF y Omnitren ascendi\u00f3 a 5 mil 999 millones de pesos, lo que marca el inicio del denominado Plan M\u00e9xico. Sheinbaum explic\u00f3 que esta operaci\u00f3n constituye la primera etapa del plan, la cual se enfoca en rescatar para el pueblo de M\u00e9xico infraestructura estrat\u00e9gica que antes estaba en manos privadas.<\/p>\n<p>La segunda fase del proyecto contempla la creaci\u00f3n de un ramal del Tren Interurbano de Lecher\u00eda hacia el interior del Aeropuerto Internacional Felipe \u00c1ngeles (AIFA), con el objetivo de que el servicio sea funcional y conecte directamente el centro de la Ciudad de M\u00e9xico con la terminal a\u00e9rea. La tercera y \u00faltima etapa consiste en la construcci\u00f3n del Tren del Aeropuerto Felipe \u00c1ngeles a Pachuca, completando as\u00ed una red de transporte integrada.<\/p>\n<h3>Cambio en la representaci\u00f3n diplom\u00e1tica<\/h3>\n<p>En otro tema relevante abordado en la conferencia, la presidenta Sheinbaum confirm\u00f3 que su gobierno est\u00e1 proponiendo un cambio en la embajada de M\u00e9xico en Estados Unidos. Acept\u00f3 que se est\u00e1 nominando a Roberto Lazzeri Monta\u00f1o para ocupar el cargo de embajador, en sustituci\u00f3n de Esteban Moctezuma Barrag\u00e1n.<\/p>\n","protected":false},"excerpt":{"rendered":"<p>Durante su conferencia de prensa matutina de este jueves 23 de abril de 2026, la presidenta Claudia Sheinbaum Pardo, desde Palacio Nacional en la Ciudad&hellip;<\/p>\n","protected":false},"author":2,"featured_media":1351,"comment_status":"open","ping_status":"open","sticky":false,"template":"","format":"standard","meta":{"footnotes":""},"categories":[251],"tags":[13,1119,404,438,1056],"class_list":["post-1350","post","type-post","status-publish","format-standard","has-post-thumbnail","hentry","category-la-mananera-en-breve","tag-claudia-sheinbaum","tag-embajador","tag-mananera","tag-plan-mexico","tag-tren-suburbano"],"_links":{"self":[{"href":"https:\/\/eldiariorepublicamx.com\/index.php?rest_route=\/wp\/v2\/posts\/1350","targetHints":{"allow":["GET"]}}],"collection":[{"href":"https:\/\/eldiariorepublicamx.com\/index.php?rest_route=\/wp\/v2\/posts"}],"about":[{"href":"https:\/\/eldiariorepublicamx.com\/index.php?rest_route=\/wp\/v2\/types\/post"}],"author":[{"embeddable":true,"href":"https:\/\/eldiariorepublicamx.com\/index.php?rest_route=\/wp\/v2\/users\/2"}],"replies":[{"embeddable":true,"href":"https:\/\/eldiariorepublicamx.com\/index.php?rest_route=%2Fwp%2Fv2%2Fcomments&post=1350"}],"version-history":[{"count":0,"href":"https:\/\/eldiariorepublicamx.com\/index.php?rest_route=\/wp\/v2\/posts\/1350\/revisions"}],"wp:featuredmedia":[{"embeddable":true,"href":"https:\/\/eldiariorepublicamx.com\/index.php?rest_route=\/wp\/v2\/media\/1351"}],"wp:attachment":[{"href":"https:\/\/eldiariorepublicamx.com\/index.php?rest_route=%2Fwp%2Fv2%2Fmedia&parent=1350"}],"wp:term":[{"taxonomy":"category","embeddable":true,"href":"https:\/\/eldiariorepublicamx.com\/index.php?rest_route=%2Fwp%2Fv2%2Fcategories&post=1350"},{"taxonomy":"post_tag","embeddable":true,"href":"https:\/\/eldiariorepublicamx.com\/index.php?rest_route=%2Fwp%2Fv2%2Ftags&post=1350"}],"curies":[{"name":"wp","href":"https:\/\/api.w.org\/{rel}","templated":true}]}}