{"id":1347,"date":"2026-04-22T19:18:17","date_gmt":"2026-04-23T01:18:17","guid":{"rendered":"https:\/\/eldiariorepublicamx.com\/?p=1347"},"modified":"2026-04-22T19:18:18","modified_gmt":"2026-04-23T01:18:18","slug":"71-de-los-mexicanos-aprueba-a-nuestra-presidenta-claudia-sheinbaum-segun-encuesta-de-encuestas","status":"publish","type":"post","link":"https:\/\/eldiariorepublicamx.com\/?p=1347","title":{"rendered":"71% de los mexicanos aprueba a nuestra presidenta Claudia Sheinbaum, seg\u00fan Encuesta de Encuestas"},"content":{"rendered":"\n<p>Siete de cada diez mexicanos aprueban la gesti\u00f3n de nuestra presidenta Claudia Sheinbaum. As\u00ed lo revela la m\u00e1s reciente Encuesta de Encuestas de Polls.mx, con corte al 20 de abril de 2026, que registra un 71% de aprobaci\u00f3n ciudadana frente a un 28% de desaprobaci\u00f3n.<\/p>\n\n\n\n<p><strong>Un respaldo que habla por s\u00ed solo<\/strong><\/p>\n\n\n\n<p>La metodolog\u00eda de Polls.mx utiliza un modelo bayesiano din\u00e1mico que agrega los resultados de m\u00faltiples encuestas publicadas, lo que lo convierte en uno de los instrumentos de medici\u00f3n m\u00e1s robustos y confiables del pa\u00eds.<\/p>\n\n\n\n<p>El 71% refleja el respaldo de un pueblo que ve resultados: acuerdos para contener la inflaci\u00f3n, estrategias de salud mental para los j\u00f3venes, liderazgo en el escenario internacional y una agenda que pone al pueblo primero. Con la 4T, gobernar para la gente tiene recompensa, y los n\u00fameros lo confirman.<\/p>\n\n\n\n<p>Con nuestra presidenta Sheinbaum, M\u00e9xico avanza.&nbsp;<\/p>\n","protected":false},"excerpt":{"rendered":"<p>Siete de cada diez mexicanos aprueban la gesti\u00f3n de nuestra presidenta Claudia Sheinbaum. As\u00ed lo revela la m\u00e1s reciente Encuesta de Encuestas de Polls.mx, con&hellip;<\/p>\n","protected":false},"author":5,"featured_media":1348,"comment_status":"open","ping_status":"open","sticky":false,"template":"","format":"standard","meta":{"footnotes":""},"categories":[252],"tags":[13,96,45,18],"class_list":["post-1347","post","type-post","status-publish","format-standard","has-post-thumbnail","hentry","category-agenda-nacional","tag-claudia-sheinbaum","tag-gobierno-federal","tag-mexico","tag-morena"],"_links":{"self":[{"href":"https:\/\/eldiariorepublicamx.com\/index.php?rest_route=\/wp\/v2\/posts\/1347","targetHints":{"allow":["GET"]}}],"collection":[{"href":"https:\/\/eldiariorepublicamx.com\/index.php?rest_route=\/wp\/v2\/posts"}],"about":[{"href":"https:\/\/eldiariorepublicamx.com\/index.php?rest_route=\/wp\/v2\/types\/post"}],"author":[{"embeddable":true,"href":"https:\/\/eldiariorepublicamx.com\/index.php?rest_route=\/wp\/v2\/users\/5"}],"replies":[{"embeddable":true,"href":"https:\/\/eldiariorepublicamx.com\/index.php?rest_route=%2Fwp%2Fv2%2Fcomments&post=1347"}],"version-history":[{"count":1,"href":"https:\/\/eldiariorepublicamx.com\/index.php?rest_route=\/wp\/v2\/posts\/1347\/revisions"}],"predecessor-version":[{"id":1349,"href":"https:\/\/eldiariorepublicamx.com\/index.php?rest_route=\/wp\/v2\/posts\/1347\/revisions\/1349"}],"wp:featuredmedia":[{"embeddable":true,"href":"https:\/\/eldiariorepublicamx.com\/index.php?rest_route=\/wp\/v2\/media\/1348"}],"wp:attachment":[{"href":"https:\/\/eldiariorepublicamx.com\/index.php?rest_route=%2Fwp%2Fv2%2Fmedia&parent=1347"}],"wp:term":[{"taxonomy":"category","embeddable":true,"href":"https:\/\/eldiariorepublicamx.com\/index.php?rest_route=%2Fwp%2Fv2%2Fcategories&post=1347"},{"taxonomy":"post_tag","embeddable":true,"href":"https:\/\/eldiariorepublicamx.com\/index.php?rest_route=%2Fwp%2Fv2%2Ftags&post=1347"}],"curies":[{"name":"wp","href":"https:\/\/api.w.org\/{rel}","templated":true}]}}