{"id":1344,"date":"2026-04-22T17:30:31","date_gmt":"2026-04-22T23:30:31","guid":{"rendered":"https:\/\/eldiariorepublicamx.com\/?p=1344"},"modified":"2026-04-22T17:30:31","modified_gmt":"2026-04-22T23:30:31","slug":"sheinbaum-frena-el-alza-del-diesel-acuerdo-con-gasolineros-para-proteger-el-bolsillo-de-los-mexicanos","status":"publish","type":"post","link":"https:\/\/eldiariorepublicamx.com\/?p=1344","title":{"rendered":"Sheinbaum frena el alza del di\u00e9sel: acuerdo con gasolineros para proteger el bolsillo de los mexicanos"},"content":{"rendered":"\n<p>Nuestra presidenta Claudia Sheinbaum logr\u00f3 fijar en 28 pesos el precio m\u00e1ximo del litro de di\u00e9sel, tras reunirse hora y media con empresarios gasolineros en Palacio Nacional el martes 21 de abril.&nbsp;<\/p>\n\n\n\n<p>La medida protege directamente el bolsillo de los mexicanos, cuando sube el di\u00e9sel, sube el transporte, y con \u00e9l el precio de todo lo que comes, usas y compras.<\/p>\n\n\n\n<p>&#8220;Decidimos que vamos a apoyar a la presidenta, que nos pide que nos pongamos a 28 pesos el di\u00e9sel&#8221;, dijo Mauricio Gonz\u00e1lez Puente, de Valores ABC, al salir de la reuni\u00f3n. El empresario a\u00f1adi\u00f3 que la medida se respetar\u00e1 &#8220;hasta que se compongan las cosas&#8221;, en alusi\u00f3n al conflicto en Medio Oriente.&nbsp;<\/p>\n\n\n\n<p><strong>Por qu\u00e9 subi\u00f3 y c\u00f3mo lo fren\u00f3 nuestra presidenta<\/strong><\/p>\n\n\n\n<p>El litro del di\u00e9sel acumul\u00f3 un alza de 10.8% desde que inici\u00f3 el conflicto b\u00e9lico en Medio Oriente a finales de febrero. Para contenerlo, el gobierno federal aplic\u00f3 un subsidio al IEPS absorbiendo parte del costo. Adem\u00e1s, la gasolina Magna mantiene su tope de 23.99 pesos por litro, vigente desde hace m\u00e1s de un a\u00f1o.<\/p>\n\n\n\n<p><strong>El gobierno no negocia con el abuso<\/strong><\/p>\n\n\n\n<p>Alrededor del 34% de estaciones estaban incumpliendo el acuerdo voluntario previo, lo que motiv\u00f3 a nuestra presidenta a convocarlos directamente a Palacio Nacional.<\/p>\n\n\n\n<p>Sheinbaum no lleg\u00f3 sola, estuvo acompa\u00f1ada de funcionarios de Hacienda y Pemex, dejando claro que el gobierno federal respalda el acuerdo con toda su institucionalidad.&nbsp;<\/p>\n\n\n\n<p>El SAT y la Profeco revisar\u00e1n a quienes sigan vendiendo por arriba del tope. De acuerdo con autoridades, el gobierno absorbe una parte del costo por litro con el objetivo de estabilizar el mercado y proteger el poder adquisitivo de la poblaci\u00f3n.&nbsp;<\/p>\n\n\n\n<p>El acuerdo se mantiene al menos una semana mientras gobierno y empresarios eval\u00faan su continuidad. Con la 4T, proteger la econom\u00eda del pueblo es prioridad.&nbsp;<\/p>\n","protected":false},"excerpt":{"rendered":"<p>Nuestra presidenta Claudia Sheinbaum logr\u00f3 fijar en 28 pesos el precio m\u00e1ximo del litro de di\u00e9sel, tras reunirse hora y media con empresarios gasolineros en&hellip;<\/p>\n","protected":false},"author":5,"featured_media":1345,"comment_status":"open","ping_status":"open","sticky":false,"template":"","format":"standard","meta":{"footnotes":""},"categories":[251],"tags":[13,404,45,18],"class_list":["post-1344","post","type-post","status-publish","format-standard","has-post-thumbnail","hentry","category-la-mananera-en-breve","tag-claudia-sheinbaum","tag-mananera","tag-mexico","tag-morena"],"_links":{"self":[{"href":"https:\/\/eldiariorepublicamx.com\/index.php?rest_route=\/wp\/v2\/posts\/1344","targetHints":{"allow":["GET"]}}],"collection":[{"href":"https:\/\/eldiariorepublicamx.com\/index.php?rest_route=\/wp\/v2\/posts"}],"about":[{"href":"https:\/\/eldiariorepublicamx.com\/index.php?rest_route=\/wp\/v2\/types\/post"}],"author":[{"embeddable":true,"href":"https:\/\/eldiariorepublicamx.com\/index.php?rest_route=\/wp\/v2\/users\/5"}],"replies":[{"embeddable":true,"href":"https:\/\/eldiariorepublicamx.com\/index.php?rest_route=%2Fwp%2Fv2%2Fcomments&post=1344"}],"version-history":[{"count":1,"href":"https:\/\/eldiariorepublicamx.com\/index.php?rest_route=\/wp\/v2\/posts\/1344\/revisions"}],"predecessor-version":[{"id":1346,"href":"https:\/\/eldiariorepublicamx.com\/index.php?rest_route=\/wp\/v2\/posts\/1344\/revisions\/1346"}],"wp:featuredmedia":[{"embeddable":true,"href":"https:\/\/eldiariorepublicamx.com\/index.php?rest_route=\/wp\/v2\/media\/1345"}],"wp:attachment":[{"href":"https:\/\/eldiariorepublicamx.com\/index.php?rest_route=%2Fwp%2Fv2%2Fmedia&parent=1344"}],"wp:term":[{"taxonomy":"category","embeddable":true,"href":"https:\/\/eldiariorepublicamx.com\/index.php?rest_route=%2Fwp%2Fv2%2Fcategories&post=1344"},{"taxonomy":"post_tag","embeddable":true,"href":"https:\/\/eldiariorepublicamx.com\/index.php?rest_route=%2Fwp%2Fv2%2Ftags&post=1344"}],"curies":[{"name":"wp","href":"https:\/\/api.w.org\/{rel}","templated":true}]}}