{"id":1341,"date":"2026-04-22T17:23:22","date_gmt":"2026-04-22T23:23:22","guid":{"rendered":"https:\/\/eldiariorepublicamx.com\/?p=1341"},"modified":"2026-04-22T17:23:22","modified_gmt":"2026-04-22T23:23:22","slug":"el-abc-de-las-emociones-el-plan-de-sheinbaum-para-atender-la-salud-mental-de-18-millones-de-jovenes","status":"publish","type":"post","link":"https:\/\/eldiariorepublicamx.com\/?p=1341","title":{"rendered":"El ABC de las Emociones: el plan de Sheinbaum para atender la salud mental de 18 millones de j\u00f3venes"},"content":{"rendered":"\n<p>Nuestra presidenta Claudia Sheinbaum present\u00f3 este mi\u00e9rcoles &#8220;El ABC de las Emociones&#8221;, la Estrategia Nacional de Atenci\u00f3n a la Salud Mental para las y los J\u00f3venes, un plan integral con seis ejes que arranca en mayo y que ya comenz\u00f3 a implementarse en algunas escuelas del pa\u00eds. La estrategia involucra a la Secretar\u00eda de Salud, la SEP y la SSPC, y contempla atenci\u00f3n desde las aulas, las comunidades y los hogares. Una vez m\u00e1s, la 4T demuestra que el pueblo es su prioridad.<\/p>\n\n\n\n<p>Durante la Ma\u00f1anera del Pueblo, nuestra presidenta fue directa: &#8220;Cuidarnos es una actividad colectiva. Este es un programa que no solo es del gobierno a los j\u00f3venes, sino es de la sociedad: es que padres y madres de familia participemos, que sepamos d\u00f3nde est\u00e1n nuestros hijos, que los atendamos.&#8221; Adem\u00e1s, anunci\u00f3 que ella misma ir\u00e1 personalmente a las escuelas a leer con las y los alumnos como parte de las pl\u00e1ticas interactivas.<\/p>\n\n\n\n<p><strong>Los 6 ejes que la 4T pone en marcha:<\/strong><\/p>\n\n\n\n<ul class=\"wp-block-list\">\n<li>Campa\u00f1a masiva de sensibilizaci\u00f3n con carteles, videos y micrositio lineadelavida.gob.mx<\/li>\n\n\n\n<li>18 millones de gu\u00edas gratuitas para j\u00f3venes, padres, cuidadores y docentes con informaci\u00f3n sobre emociones, redes sociales y cu\u00e1ndo pedir ayuda<\/li>\n\n\n\n<li>Una hora semanal en aulas para hablar de emociones a partir de mayo, con estudiantes de tercero de secundaria y bachillerato<\/li>\n\n\n\n<li>Asambleas informativas con estudiantes, padres, madres, cuidadores, directivos y docentes<\/li>\n\n\n\n<li>300 brigadas de salud recorriendo escuelas para platicar con j\u00f3venes y darles herramientas reales de autocuidado<\/li>\n\n\n\n<li>L\u00ednea de la Vida reforzada: 800 911 2000. Los Centros Comunitarios M\u00e9xico Imparable tambi\u00e9n contar\u00e1n con especialistas<\/li>\n<\/ul>\n\n\n\n<p><strong>Los n\u00fameros que Sheinbaum atiende:<\/strong><\/p>\n\n\n\n<p>La ENCODAT 2025 revela cifras que el gobierno no ignora. El plan busca atender factores de riesgo como ansiedad, depresi\u00f3n, violencia y presi\u00f3n social, agravados tras la pandemia y el uso intensivo de redes sociales:<\/p>\n\n\n\n<ul class=\"wp-block-list\">\n<li>10% de j\u00f3venes de 12 a 17 a\u00f1os presenta malestar psicol\u00f3gico<\/li>\n\n\n\n<li>3.3% tiene ideaci\u00f3n suicida<\/li>\n\n\n\n<li>18.1% ha sido expuesto a alg\u00fan tipo de violencia<\/li>\n\n\n\n<li>4.7% ha consumido alguna droga<\/li>\n<\/ul>\n\n\n\n<p>Los casos que requieran atenci\u00f3n especializada ser\u00e1n canalizados a instituciones como IMSS-Bienestar para garantizar seguimiento. La Nueva Escuela Mexicana tambi\u00e9n es parte fundamental de la estrategia, ense\u00f1ando a los j\u00f3venes a reconocer y gestionar sus emociones desde las aulas.<\/p>\n\n\n\n<p>Con la 4T, la salud mental de los j\u00f3venes es pol\u00edtica de Estado.<\/p>\n","protected":false},"excerpt":{"rendered":"<p>Nuestra presidenta Claudia Sheinbaum present\u00f3 este mi\u00e9rcoles &#8220;El ABC de las Emociones&#8221;, la Estrategia Nacional de Atenci\u00f3n a la Salud Mental para las y los&hellip;<\/p>\n","protected":false},"author":5,"featured_media":1342,"comment_status":"open","ping_status":"open","sticky":false,"template":"","format":"standard","meta":{"footnotes":""},"categories":[251],"tags":[13,404,45,18],"class_list":["post-1341","post","type-post","status-publish","format-standard","has-post-thumbnail","hentry","category-la-mananera-en-breve","tag-claudia-sheinbaum","tag-mananera","tag-mexico","tag-morena"],"_links":{"self":[{"href":"https:\/\/eldiariorepublicamx.com\/index.php?rest_route=\/wp\/v2\/posts\/1341","targetHints":{"allow":["GET"]}}],"collection":[{"href":"https:\/\/eldiariorepublicamx.com\/index.php?rest_route=\/wp\/v2\/posts"}],"about":[{"href":"https:\/\/eldiariorepublicamx.com\/index.php?rest_route=\/wp\/v2\/types\/post"}],"author":[{"embeddable":true,"href":"https:\/\/eldiariorepublicamx.com\/index.php?rest_route=\/wp\/v2\/users\/5"}],"replies":[{"embeddable":true,"href":"https:\/\/eldiariorepublicamx.com\/index.php?rest_route=%2Fwp%2Fv2%2Fcomments&post=1341"}],"version-history":[{"count":1,"href":"https:\/\/eldiariorepublicamx.com\/index.php?rest_route=\/wp\/v2\/posts\/1341\/revisions"}],"predecessor-version":[{"id":1343,"href":"https:\/\/eldiariorepublicamx.com\/index.php?rest_route=\/wp\/v2\/posts\/1341\/revisions\/1343"}],"wp:featuredmedia":[{"embeddable":true,"href":"https:\/\/eldiariorepublicamx.com\/index.php?rest_route=\/wp\/v2\/media\/1342"}],"wp:attachment":[{"href":"https:\/\/eldiariorepublicamx.com\/index.php?rest_route=%2Fwp%2Fv2%2Fmedia&parent=1341"}],"wp:term":[{"taxonomy":"category","embeddable":true,"href":"https:\/\/eldiariorepublicamx.com\/index.php?rest_route=%2Fwp%2Fv2%2Fcategories&post=1341"},{"taxonomy":"post_tag","embeddable":true,"href":"https:\/\/eldiariorepublicamx.com\/index.php?rest_route=%2Fwp%2Fv2%2Ftags&post=1341"}],"curies":[{"name":"wp","href":"https:\/\/api.w.org\/{rel}","templated":true}]}}