{"id":1339,"date":"2026-04-22T12:26:20","date_gmt":"2026-04-22T18:26:20","guid":{"rendered":"https:\/\/eldiariorepublicamx.com\/?p=1339"},"modified":"2026-04-22T12:26:20","modified_gmt":"2026-04-22T18:26:20","slug":"presidenta-sheinbaum-analiza-perfiles-para-nueva-secretaria-de-las-mujeres-tras-renuncia-en-morena","status":"publish","type":"post","link":"https:\/\/eldiariorepublicamx.com\/?p=1339","title":{"rendered":"Presidenta Sheinbaum analiza perfiles para nueva secretaria de las Mujeres tras renuncia en Morena"},"content":{"rendered":"<p>Durante su conferencia matutina desde Palacio Nacional, la presidenta Claudia Sheinbaum confirm\u00f3 que el nombramiento de la nueva titular de la Secretar\u00eda de las Mujeres sigue pendiente, casi una semana despu\u00e9s de que Citlalli Hern\u00e1ndez dejara el cargo.<\/p>\n<h3>An\u00e1lisis de perfiles en curso<\/h3>\n<p>La mandataria se\u00f1al\u00f3 que se encuentra en el proceso de tomar una decisi\u00f3n final, evaluando los perfiles de varias compa\u00f1eras para el puesto, aunque no revel\u00f3 detalles espec\u00edficos sobre las candidatas.<\/p>\n<p>&#8220;Estoy tomando una decisi\u00f3n entre unas compa\u00f1eras y ya les informar\u00e9&#8221;, declar\u00f3 Sheinbaum en &#8216;La Ma\u00f1anera del Pueblo&#8217;.<\/p>\n<h3>Pr\u00f3ximo anuncio<\/h3>\n<p>La presidenta asegur\u00f3 que en breve dar\u00e1 a conocer el nombre de la persona que ocupar\u00e1 la direcci\u00f3n de esta dependencia del gobierno federal.<\/p>\n","protected":false},"excerpt":{"rendered":"<p>Durante su conferencia matutina desde Palacio Nacional, la presidenta Claudia Sheinbaum confirm\u00f3 que el nombramiento de la nueva titular de la Secretar\u00eda de las Mujeres&hellip;<\/p>\n","protected":false},"author":2,"featured_media":1340,"comment_status":"open","ping_status":"open","sticky":false,"template":"","format":"standard","meta":{"footnotes":""},"categories":[251],"tags":[13,18,584,1118],"class_list":["post-1339","post","type-post","status-publish","format-standard","has-post-thumbnail","hentry","category-la-mananera-en-breve","tag-claudia-sheinbaum","tag-morena","tag-nombramiento","tag-secretaria-de-las-mujeres"],"_links":{"self":[{"href":"https:\/\/eldiariorepublicamx.com\/index.php?rest_route=\/wp\/v2\/posts\/1339","targetHints":{"allow":["GET"]}}],"collection":[{"href":"https:\/\/eldiariorepublicamx.com\/index.php?rest_route=\/wp\/v2\/posts"}],"about":[{"href":"https:\/\/eldiariorepublicamx.com\/index.php?rest_route=\/wp\/v2\/types\/post"}],"author":[{"embeddable":true,"href":"https:\/\/eldiariorepublicamx.com\/index.php?rest_route=\/wp\/v2\/users\/2"}],"replies":[{"embeddable":true,"href":"https:\/\/eldiariorepublicamx.com\/index.php?rest_route=%2Fwp%2Fv2%2Fcomments&post=1339"}],"version-history":[{"count":0,"href":"https:\/\/eldiariorepublicamx.com\/index.php?rest_route=\/wp\/v2\/posts\/1339\/revisions"}],"wp:featuredmedia":[{"embeddable":true,"href":"https:\/\/eldiariorepublicamx.com\/index.php?rest_route=\/wp\/v2\/media\/1340"}],"wp:attachment":[{"href":"https:\/\/eldiariorepublicamx.com\/index.php?rest_route=%2Fwp%2Fv2%2Fmedia&parent=1339"}],"wp:term":[{"taxonomy":"category","embeddable":true,"href":"https:\/\/eldiariorepublicamx.com\/index.php?rest_route=%2Fwp%2Fv2%2Fcategories&post=1339"},{"taxonomy":"post_tag","embeddable":true,"href":"https:\/\/eldiariorepublicamx.com\/index.php?rest_route=%2Fwp%2Fv2%2Ftags&post=1339"}],"curies":[{"name":"wp","href":"https:\/\/api.w.org\/{rel}","templated":true}]}}