{"id":1337,"date":"2026-04-22T12:26:19","date_gmt":"2026-04-22T18:26:19","guid":{"rendered":"https:\/\/eldiariorepublicamx.com\/?p=1337"},"modified":"2026-04-22T12:26:19","modified_gmt":"2026-04-22T18:26:19","slug":"sheinbaum-promete-gran-fiesta-para-inaugurar-puente-nichupte-de-cancun-en-mayo","status":"publish","type":"post","link":"https:\/\/eldiariorepublicamx.com\/?p=1337","title":{"rendered":"Sheinbaum promete &#8216;gran fiesta&#8217; para inaugurar Puente Nichupt\u00e9 de Canc\u00fan en mayo"},"content":{"rendered":"<p>Durante su conferencia matutina en Palacio Nacional, la presidenta Claudia Sheinbaum anunci\u00f3 que planea realizar una celebraci\u00f3n de gran magnitud con motivo de la pr\u00f3xima apertura al p\u00fablico del Puente Vehicular Nichupt\u00e9 en Canc\u00fan, Quintana Roo.<\/p>\n<h3>Coordinaci\u00f3n con la gobernadora<\/h3>\n<p>La mandataria federal mencion\u00f3 que tiene pendiente una llamada con la gobernadora Mara Lezama para organizar los detalles del festejo, al cual calific\u00f3 como un evento muy relevante para el estado. &#8220;Tengo pendiente una llamada con Mara (Lezama), porque queremos hacer una fiesta de la inauguraci\u00f3n del Nichupt\u00e9, algo muy relevante para Quintana Roo&#8221;, declar\u00f3 Sheinbaum.<\/p>\n<h3>Fechas y beneficios de la obra<\/h3>\n<p>La inauguraci\u00f3n de esta infraestructura est\u00e1 programada tentativamente para el s\u00e1bado 1 o domingo 2 de mayo, seg\u00fan lo indicado por la presidenta en su conferencia de la semana pasada. Sheinbaum enfatiz\u00f3 que el puente no solo mejorar\u00e1 significativamente la movilidad entre la Zona Hotelera y el \u00e1rea urbana de Canc\u00fan, sino que tambi\u00e9n potenciar\u00e1 la conectividad entre los principales destinos tur\u00edsticos de la regi\u00f3n sureste de M\u00e9xico.<\/p>\n<h3>Apoyo a proyectos estrat\u00e9gicos<\/h3>\n<p>En el mismo contexto, la presidenta resalt\u00f3 el respaldo de su administraci\u00f3n a otros proyectos estrat\u00e9gicos iniciados en la regi\u00f3n durante el gobierno del expresidente Andr\u00e9s Manuel L\u00f3pez Obrador, destacando espec\u00edficamente al Tren Maya.<\/p>\n<h3>Impacto del Tren Maya<\/h3>\n<p>Sobre esta obra ferroviaria, Sheinbaum se\u00f1al\u00f3 que ya se ha consolidado como un motor fundamental para el desarrollo regional y el crecimiento econ\u00f3mico. &#8220;Una buena parte de los usuarios del Tren Maya son extranjeros, y otros nacionales, que tambi\u00e9n no solo van a Canc\u00fan, sino conocen el resto de la Pen\u00ednsula. Y adem\u00e1s todas las obras que se hicieron alrededor del tren son muy importante para el desarrollo de la regi\u00f3n&#8221;, concluy\u00f3.<\/p>\n","protected":false},"excerpt":{"rendered":"<p>Durante su conferencia matutina en Palacio Nacional, la presidenta Claudia Sheinbaum anunci\u00f3 que planea realizar una celebraci\u00f3n de gran magnitud con motivo de la pr\u00f3xima&hellip;<\/p>\n","protected":false},"author":2,"featured_media":1338,"comment_status":"open","ping_status":"open","sticky":false,"template":"","format":"standard","meta":{"footnotes":""},"categories":[251],"tags":[194,13,1116,542,195,193,1117],"class_list":["post-1337","post","type-post","status-publish","format-standard","has-post-thumbnail","hentry","category-la-mananera-en-breve","tag-cancun","tag-claudia-sheinbaum","tag-fiesta","tag-inauguracion","tag-mara-lezama","tag-puente-nichupte","tag-tren-maya"],"_links":{"self":[{"href":"https:\/\/eldiariorepublicamx.com\/index.php?rest_route=\/wp\/v2\/posts\/1337","targetHints":{"allow":["GET"]}}],"collection":[{"href":"https:\/\/eldiariorepublicamx.com\/index.php?rest_route=\/wp\/v2\/posts"}],"about":[{"href":"https:\/\/eldiariorepublicamx.com\/index.php?rest_route=\/wp\/v2\/types\/post"}],"author":[{"embeddable":true,"href":"https:\/\/eldiariorepublicamx.com\/index.php?rest_route=\/wp\/v2\/users\/2"}],"replies":[{"embeddable":true,"href":"https:\/\/eldiariorepublicamx.com\/index.php?rest_route=%2Fwp%2Fv2%2Fcomments&post=1337"}],"version-history":[{"count":0,"href":"https:\/\/eldiariorepublicamx.com\/index.php?rest_route=\/wp\/v2\/posts\/1337\/revisions"}],"wp:featuredmedia":[{"embeddable":true,"href":"https:\/\/eldiariorepublicamx.com\/index.php?rest_route=\/wp\/v2\/media\/1338"}],"wp:attachment":[{"href":"https:\/\/eldiariorepublicamx.com\/index.php?rest_route=%2Fwp%2Fv2%2Fmedia&parent=1337"}],"wp:term":[{"taxonomy":"category","embeddable":true,"href":"https:\/\/eldiariorepublicamx.com\/index.php?rest_route=%2Fwp%2Fv2%2Fcategories&post=1337"},{"taxonomy":"post_tag","embeddable":true,"href":"https:\/\/eldiariorepublicamx.com\/index.php?rest_route=%2Fwp%2Fv2%2Ftags&post=1337"}],"curies":[{"name":"wp","href":"https:\/\/api.w.org\/{rel}","templated":true}]}}