{"id":1333,"date":"2026-04-22T12:26:11","date_gmt":"2026-04-22T18:26:11","guid":{"rendered":"https:\/\/eldiariorepublicamx.com\/?p=1333"},"modified":"2026-04-22T12:26:11","modified_gmt":"2026-04-22T18:26:11","slug":"dulce-maria-publica-emotivas-imagenes-de-su-hija-fernanda-y-describe-su-experiencia-en-el-posparto","status":"publish","type":"post","link":"https:\/\/eldiariorepublicamx.com\/?p=1333","title":{"rendered":"Dulce Mar\u00eda publica emotivas im\u00e1genes de su hija Fernanda y describe su experiencia en el posparto"},"content":{"rendered":"<p>La cantante y actriz Dulce Mar\u00eda comparti\u00f3 nuevas fotograf\u00edas de su beb\u00e9 reci\u00e9n nacida, Fernanda, en sus redes sociales, acompa\u00f1adas de un mensaje donde describe su etapa de posparto como &#8220;retadora&#8221; pero llena de amor. La artista, quien revel\u00f3 su embarazo a finales del a\u00f1o pasado, anunci\u00f3 el nacimiento el pasado 17 de marzo.<\/p>\n<h3>Un mensaje de amor para su hija<\/h3>\n<p>En una publicaci\u00f3n de Instagram, Dulce Mar\u00eda expres\u00f3 sus sentimientos hacia su segunda hija: &#8220;\u00a1Bienvenida Fernanda! Llegaste a iluminar nuestra vida, a llenarla de esperanza y darnos paz en medio de lo agitado del mundo y de la vida&#8221;. La integrante del grupo RBD a\u00f1adi\u00f3 en otra parte de su texto: &#8220;No existen palabras para describir el amor que siento&#8221;.<\/p>\n<h3>Detalles de una etapa personal<\/h3>\n<p>La int\u00e9rprete de &#8216;Inevitable&#8217;, quien mantuvo en secreto el g\u00e9nero y nombre del beb\u00e9 hasta su nacimiento, tambi\u00e9n habl\u00f3 sobre su experiencia tras dar a luz. Escribi\u00f3: &#8220;Solo s\u00e9 que en medio de toda esta etapa posparto que es tan retadora, mi coraz\u00f3n explota de amor y de ternura al verte, al o\u00edrte, al alimentarte, al sentir como te calmas cuando te pego a m\u00ed\u2026 Infinitamente agradecida con Dios por tu llegada y tu vida. TE AMO FERNANDA&#8221;. La artista no detall\u00f3 si ha tenido complicaciones de salud espec\u00edficas.<\/p>\n<p>Las im\u00e1genes recientes muestran por primera vez un poco del rostro de la peque\u00f1a Fernanda, as\u00ed como tiernas fotograf\u00edas donde se ven las manos de Dulce Mar\u00eda, su esposo Paco \u00c1lvarez y su primera hija, Mar\u00eda Paula, sosteniendo las del reci\u00e9n nacido. Previamente, la artista hab\u00eda compartido im\u00e1genes de su baby shower, con una decoraci\u00f3n en tonos rosas, celebrado junto a su pareja.<\/p>\n<p>Dulce Mar\u00eda contin\u00faa activa en su carrera musical. En 2025 lanz\u00f3 nuevos sencillos y particip\u00f3 como invitada especial en la gran final de &#8216;Juego de Voces 2025&#8217;, donde interpret\u00f3 &#8220;Los Caminos de la Vida&#8221; junto a Alexander Acha.<\/p>\n","protected":false},"excerpt":{"rendered":"<p>La cantante y actriz Dulce Mar\u00eda comparti\u00f3 nuevas fotograf\u00edas de su beb\u00e9 reci\u00e9n nacida, Fernanda, en sus redes sociales, acompa\u00f1adas de un mensaje donde describe&hellip;<\/p>\n","protected":false},"author":2,"featured_media":1334,"comment_status":"open","ping_status":"open","sticky":false,"template":"","format":"standard","meta":{"footnotes":""},"categories":[290],"tags":[1076,1075,1077,510,1110],"class_list":["post-1333","post","type-post","status-publish","format-standard","has-post-thumbnail","hentry","category-sociedad-y-cultura","tag-bebe","tag-dulce-maria","tag-fernanda","tag-instagram","tag-posparto"],"_links":{"self":[{"href":"https:\/\/eldiariorepublicamx.com\/index.php?rest_route=\/wp\/v2\/posts\/1333","targetHints":{"allow":["GET"]}}],"collection":[{"href":"https:\/\/eldiariorepublicamx.com\/index.php?rest_route=\/wp\/v2\/posts"}],"about":[{"href":"https:\/\/eldiariorepublicamx.com\/index.php?rest_route=\/wp\/v2\/types\/post"}],"author":[{"embeddable":true,"href":"https:\/\/eldiariorepublicamx.com\/index.php?rest_route=\/wp\/v2\/users\/2"}],"replies":[{"embeddable":true,"href":"https:\/\/eldiariorepublicamx.com\/index.php?rest_route=%2Fwp%2Fv2%2Fcomments&post=1333"}],"version-history":[{"count":0,"href":"https:\/\/eldiariorepublicamx.com\/index.php?rest_route=\/wp\/v2\/posts\/1333\/revisions"}],"wp:featuredmedia":[{"embeddable":true,"href":"https:\/\/eldiariorepublicamx.com\/index.php?rest_route=\/wp\/v2\/media\/1334"}],"wp:attachment":[{"href":"https:\/\/eldiariorepublicamx.com\/index.php?rest_route=%2Fwp%2Fv2%2Fmedia&parent=1333"}],"wp:term":[{"taxonomy":"category","embeddable":true,"href":"https:\/\/eldiariorepublicamx.com\/index.php?rest_route=%2Fwp%2Fv2%2Fcategories&post=1333"},{"taxonomy":"post_tag","embeddable":true,"href":"https:\/\/eldiariorepublicamx.com\/index.php?rest_route=%2Fwp%2Fv2%2Ftags&post=1333"}],"curies":[{"name":"wp","href":"https:\/\/api.w.org\/{rel}","templated":true}]}}