{"id":1331,"date":"2026-04-22T10:26:15","date_gmt":"2026-04-22T16:26:15","guid":{"rendered":"https:\/\/eldiariorepublicamx.com\/?p=1331"},"modified":"2026-04-22T10:26:15","modified_gmt":"2026-04-22T16:26:15","slug":"christian-martinoli-y-luis-garcia-negocian-con-netflix-para-narrar-encuentros-de-la-seleccion-mexicana","status":"publish","type":"post","link":"https:\/\/eldiariorepublicamx.com\/?p=1331","title":{"rendered":"Christian Martinoli y Luis Garc\u00eda negocian con Netflix para narrar encuentros de la Selecci\u00f3n Mexicana"},"content":{"rendered":"<p>Los narradores Christian Martinoli y Luis &#8220;Doctor&#8221; Garc\u00eda est\u00e1n en tratativas para sumarse a las transmisiones de Netflix, quien adquiri\u00f3 los derechos de las Finales de la Nations League y las pr\u00f3ximas ediciones de la Copa Oro de la Concacaf (2027 y 2029) que involucran al Tri.<\/p>\n<h3>Detalles de las negociaciones<\/h3>\n<p>Ambos comentaristas de TV Azteca confirmaron que las conversaciones est\u00e1n avanzadas, aunque a\u00fan no hay un acuerdo definitivo. Martinoli se\u00f1al\u00f3 que est\u00e1n coordinando los detalles con sus superiores en la televisora, mencionando a Rafa Rodr\u00edguez y Benjam\u00edn Salinas. Por su parte, Luis Garc\u00eda expres\u00f3 optimismo sobre la posibilidad de un arreglo que les permita participar en los proyectos de la plataforma de streaming, incluyendo el Mundial Femenil.<\/p>\n<blockquote><p>&#8220;Posiblemente la gente de Netflix, me han informado Dr., que quieren negociar con el Doctor Garc\u00eda para que vaya y transmita de forma, d\u00edgamos, temporal los partidos de la Selecci\u00f3n Mexicana. Estamos en eso, estamos arreglando las cosas con Azteca, estamos en una situaci\u00f3n de contrato con Azteca, con Rafa Rodr\u00edguez que es nuestro supremo, con el Pollo que es nuestro director, con Benjam\u00edn que es el mero, mero&#8221;, resalt\u00f3 Martinoli.<\/p><\/blockquote>\n<p>Garc\u00eda agreg\u00f3 en el programa &#8216;Los Farsantes con Gloria&#8217; que est\u00e1n en proceso de cerrar una extensi\u00f3n de contrato con Azteca por ocho a\u00f1os, lo que cubrir\u00eda dos ciclos mundialistas, y que desde esa posici\u00f3n podr\u00edan explorar un acuerdo con Netflix.<\/p>\n<h3>Antecedentes y contexto del anuncio<\/h3>\n<p>Horas despu\u00e9s de que Netflix hiciera oficial la adquisici\u00f3n de los derechos este martes 14 de abril, Martinoli public\u00f3 en su cuenta de X un mensaje que dec\u00eda &#8220;Esto huele al regreso de PiteraCup&#8221;, en referencia a la transmisi\u00f3n alternativa que ambos realizaron por YouTube durante la Copa Oro 2025, cuando Televisa tuvo la exclusividad. Hasta ahora, Televisa y TV Azteca han compartido la transmisi\u00f3n de los partidos de la Selecci\u00f3n Mexicana por se\u00f1al abierta, aunque en ocasiones recientes Televisa ha ofrecido algunos torneos a trav\u00e9s de ViX o su servicio Premium. La \u00faltima Copa Oro fue transmitida \u00fanicamente por TUDN.<\/p>\n<p>La llegada de Netflix representa un cambio en el modelo de transmisi\u00f3n de los torneos de la Concacaf en M\u00e9xico, aunque a\u00fan se desconoce si las se\u00f1ales de televisi\u00f3n abierta podr\u00e1n compartir algunos compromisos.<\/p>\n","protected":false},"excerpt":{"rendered":"<p>Los narradores Christian Martinoli y Luis &#8220;Doctor&#8221; Garc\u00eda est\u00e1n en tratativas para sumarse a las transmisiones de Netflix, quien adquiri\u00f3 los derechos de las Finales&hellip;<\/p>\n","protected":false},"author":2,"featured_media":1332,"comment_status":"open","ping_status":"open","sticky":false,"template":"","format":"standard","meta":{"footnotes":""},"categories":[291],"tags":[1109,1107,1106,1108,322,376],"class_list":["post-1331","post","type-post","status-publish","format-standard","has-post-thumbnail","hentry","category-deportes","tag-copa-oro","tag-luis-garcia","tag-martinoli","tag-nations-league","tag-netflix","tag-seleccion-mexicana"],"_links":{"self":[{"href":"https:\/\/eldiariorepublicamx.com\/index.php?rest_route=\/wp\/v2\/posts\/1331","targetHints":{"allow":["GET"]}}],"collection":[{"href":"https:\/\/eldiariorepublicamx.com\/index.php?rest_route=\/wp\/v2\/posts"}],"about":[{"href":"https:\/\/eldiariorepublicamx.com\/index.php?rest_route=\/wp\/v2\/types\/post"}],"author":[{"embeddable":true,"href":"https:\/\/eldiariorepublicamx.com\/index.php?rest_route=\/wp\/v2\/users\/2"}],"replies":[{"embeddable":true,"href":"https:\/\/eldiariorepublicamx.com\/index.php?rest_route=%2Fwp%2Fv2%2Fcomments&post=1331"}],"version-history":[{"count":0,"href":"https:\/\/eldiariorepublicamx.com\/index.php?rest_route=\/wp\/v2\/posts\/1331\/revisions"}],"wp:featuredmedia":[{"embeddable":true,"href":"https:\/\/eldiariorepublicamx.com\/index.php?rest_route=\/wp\/v2\/media\/1332"}],"wp:attachment":[{"href":"https:\/\/eldiariorepublicamx.com\/index.php?rest_route=%2Fwp%2Fv2%2Fmedia&parent=1331"}],"wp:term":[{"taxonomy":"category","embeddable":true,"href":"https:\/\/eldiariorepublicamx.com\/index.php?rest_route=%2Fwp%2Fv2%2Fcategories&post=1331"},{"taxonomy":"post_tag","embeddable":true,"href":"https:\/\/eldiariorepublicamx.com\/index.php?rest_route=%2Fwp%2Fv2%2Ftags&post=1331"}],"curies":[{"name":"wp","href":"https:\/\/api.w.org\/{rel}","templated":true}]}}