{"id":1329,"date":"2026-04-22T10:26:14","date_gmt":"2026-04-22T16:26:14","guid":{"rendered":"https:\/\/eldiariorepublicamx.com\/?p=1329"},"modified":"2026-04-22T10:26:14","modified_gmt":"2026-04-22T16:26:14","slug":"antonio-rodriguez-portero-de-xolos-aparece-en-consideracion-del-vasco-aguirre-para-la-seleccion-mexicana","status":"publish","type":"post","link":"https:\/\/eldiariorepublicamx.com\/?p=1329","title":{"rendered":"Antonio Rodr\u00edguez, portero de Xolos, aparece en consideraci\u00f3n del Vasco Aguirre para la Selecci\u00f3n Mexicana"},"content":{"rendered":"<p>Antonio &#8216;To\u00f1o&#8217; Rodr\u00edguez, arquero del club Xolos de Tijuana, emerge como una posibilidad para ser convocado por el entrenador Javier &#8216;El Vasco&#8217; Aguirre a la Selecci\u00f3n Nacional de M\u00e9xico, de cara a la pr\u00f3xima Copa del Mundo, seg\u00fan revel\u00f3 un asistente del estratega.<\/p>\n<h3>Una opci\u00f3n en la mente del t\u00e9cnico<\/h3>\n<p>Un miembro del cuerpo t\u00e9cnico del Tri, que prefiri\u00f3 mantenerse en el anonimato, confirm\u00f3 que el director t\u00e9cnico ha mantenido al jugador en su radar debido a su desempe\u00f1o en la Liga MX. &#8220;Lo \u00fanico que s\u00e9 es que Javier ha tenido pl\u00e1ticas con Antonio; de ah\u00ed a que lo vaya a convocar, lo desconozco&#8221;, expres\u00f3 la fuente consultada.<\/p>\n<p>El informante agreg\u00f3 que Rodr\u00edguez es un guardameta con las condiciones necesarias para competir por un lugar con los otros porteros considerados, como Ra\u00fal &#8216;Tala&#8217; Rangel, Guillermo Ochoa y Carlos Acevedo.<\/p>\n<h3>Rendimiento y trayectoria del candidato<\/h3>\n<p>En la temporada actual, el portero de 33 a\u00f1os ha disputado 35 encuentros, siendo titular en 34 de ellos, acumulando 3,138 minutos de acci\u00f3n. En ese lapso ha recibido 45 goles, mantuvo su arco en cero en 12 ocasiones y ha detenido dos penaltis.<\/p>\n<p>Su \u00faltima participaci\u00f3n con el equipo nacional fue en un partido amistoso contra Colombia en diciembre de 2023. Anteriormente, form\u00f3 parte del plantel que obtuvo la medalla de oro en los Juegos Ol\u00edmpicos de Londres 2012, aunque no vio acci\u00f3n en la cancha durante ese torneo.<\/p>\n<p>El valor de mercado del futbolista se estima en 1.7 millones de d\u00f3lares. Aunque los rumores sobre su posible inclusi\u00f3n se han intensificado, la fuente se abstuvo de confirmar si finalmente ser\u00e1 parte de la lista definitiva que Aguirre dar\u00e1 a conocer pr\u00f3ximamente.<\/p>\n","protected":false},"excerpt":{"rendered":"<p>Antonio &#8216;To\u00f1o&#8217; Rodr\u00edguez, arquero del club Xolos de Tijuana, emerge como una posibilidad para ser convocado por el entrenador Javier &#8216;El Vasco&#8217; Aguirre a la&hellip;<\/p>\n","protected":false},"author":2,"featured_media":1330,"comment_status":"open","ping_status":"open","sticky":false,"template":"","format":"standard","meta":{"footnotes":""},"categories":[291],"tags":[1102,494,376,1105,1103,1104],"class_list":["post-1329","post","type-post","status-publish","format-standard","has-post-thumbnail","hentry","category-deportes","tag-antonio-rodriguez","tag-javier-aguirre","tag-seleccion-mexicana","tag-tijuana","tag-tono-rodriguez","tag-xolos"],"_links":{"self":[{"href":"https:\/\/eldiariorepublicamx.com\/index.php?rest_route=\/wp\/v2\/posts\/1329","targetHints":{"allow":["GET"]}}],"collection":[{"href":"https:\/\/eldiariorepublicamx.com\/index.php?rest_route=\/wp\/v2\/posts"}],"about":[{"href":"https:\/\/eldiariorepublicamx.com\/index.php?rest_route=\/wp\/v2\/types\/post"}],"author":[{"embeddable":true,"href":"https:\/\/eldiariorepublicamx.com\/index.php?rest_route=\/wp\/v2\/users\/2"}],"replies":[{"embeddable":true,"href":"https:\/\/eldiariorepublicamx.com\/index.php?rest_route=%2Fwp%2Fv2%2Fcomments&post=1329"}],"version-history":[{"count":0,"href":"https:\/\/eldiariorepublicamx.com\/index.php?rest_route=\/wp\/v2\/posts\/1329\/revisions"}],"wp:featuredmedia":[{"embeddable":true,"href":"https:\/\/eldiariorepublicamx.com\/index.php?rest_route=\/wp\/v2\/media\/1330"}],"wp:attachment":[{"href":"https:\/\/eldiariorepublicamx.com\/index.php?rest_route=%2Fwp%2Fv2%2Fmedia&parent=1329"}],"wp:term":[{"taxonomy":"category","embeddable":true,"href":"https:\/\/eldiariorepublicamx.com\/index.php?rest_route=%2Fwp%2Fv2%2Fcategories&post=1329"},{"taxonomy":"post_tag","embeddable":true,"href":"https:\/\/eldiariorepublicamx.com\/index.php?rest_route=%2Fwp%2Fv2%2Ftags&post=1329"}],"curies":[{"name":"wp","href":"https:\/\/api.w.org\/{rel}","templated":true}]}}