{"id":1325,"date":"2026-04-22T10:26:10","date_gmt":"2026-04-22T16:26:10","guid":{"rendered":"https:\/\/eldiariorepublicamx.com\/?p=1325"},"modified":"2026-04-22T10:26:10","modified_gmt":"2026-04-22T16:26:10","slug":"conferencia-matutina-de-la-presidenta-sheinbaum-aborda-temas-nacionales-desde-palacio-nacional","status":"publish","type":"post","link":"https:\/\/eldiariorepublicamx.com\/?p=1325","title":{"rendered":"Conferencia matutina de la presidenta Sheinbaum aborda temas nacionales desde Palacio Nacional"},"content":{"rendered":"<p>La presidenta Claudia Sheinbaum Pardo sostuvo su conferencia de prensa habitual, conocida como &#8216;Ma\u00f1anera del Pueblo&#8217;, desde el Sal\u00f3n Tesorer\u00eda de Palacio Nacional, acompa\u00f1ada por miembros de su gabinete.<\/p>\n<h3>Presencia del gabinete federal<\/h3>\n<p>La mandataria estuvo acompa\u00f1ada por la secretaria de Gobernaci\u00f3n, Rosa Icela Rodr\u00edguez Vel\u00e1zquez, junto con el subsecretario de Derechos Humanos, Poblaci\u00f3n y Migraci\u00f3n de esa dependencia, F\u00e9lix Arturo Medina Padilla. Tambi\u00e9n asistieron Marcela Figueroa Franco, secretaria ejecutiva del Sistema Nacional de Seguridad P\u00fablica, y Martha Lidia P\u00e9rez Gumercindo, titular de la Comisi\u00f3n Nacional de B\u00fasqueda.<\/p>\n<h3>Espacio informativo del gobierno<\/h3>\n<p>Este espacio de comunicaci\u00f3n, transmitido en vivo, forma parte de la din\u00e1mica de informaci\u00f3n directa del gobierno de la transformaci\u00f3n con la ciudadan\u00eda.<\/p>\n","protected":false},"excerpt":{"rendered":"<p>La presidenta Claudia Sheinbaum Pardo sostuvo su conferencia de prensa habitual, conocida como &#8216;Ma\u00f1anera del Pueblo&#8217;, desde el Sal\u00f3n Tesorer\u00eda de Palacio Nacional, acompa\u00f1ada por&hellip;<\/p>\n","protected":false},"author":2,"featured_media":1326,"comment_status":"open","ping_status":"open","sticky":false,"template":"","format":"standard","meta":{"footnotes":""},"categories":[252,290],"tags":[657,935,404,17,288],"class_list":["post-1325","post","type-post","status-publish","format-standard","has-post-thumbnail","hentry","category-agenda-nacional","category-sociedad-y-cultura","tag-gabinete","tag-gobernacion","tag-mananera","tag-palacio-nacional","tag-sheinbaum"],"_links":{"self":[{"href":"https:\/\/eldiariorepublicamx.com\/index.php?rest_route=\/wp\/v2\/posts\/1325","targetHints":{"allow":["GET"]}}],"collection":[{"href":"https:\/\/eldiariorepublicamx.com\/index.php?rest_route=\/wp\/v2\/posts"}],"about":[{"href":"https:\/\/eldiariorepublicamx.com\/index.php?rest_route=\/wp\/v2\/types\/post"}],"author":[{"embeddable":true,"href":"https:\/\/eldiariorepublicamx.com\/index.php?rest_route=\/wp\/v2\/users\/2"}],"replies":[{"embeddable":true,"href":"https:\/\/eldiariorepublicamx.com\/index.php?rest_route=%2Fwp%2Fv2%2Fcomments&post=1325"}],"version-history":[{"count":0,"href":"https:\/\/eldiariorepublicamx.com\/index.php?rest_route=\/wp\/v2\/posts\/1325\/revisions"}],"wp:featuredmedia":[{"embeddable":true,"href":"https:\/\/eldiariorepublicamx.com\/index.php?rest_route=\/wp\/v2\/media\/1326"}],"wp:attachment":[{"href":"https:\/\/eldiariorepublicamx.com\/index.php?rest_route=%2Fwp%2Fv2%2Fmedia&parent=1325"}],"wp:term":[{"taxonomy":"category","embeddable":true,"href":"https:\/\/eldiariorepublicamx.com\/index.php?rest_route=%2Fwp%2Fv2%2Fcategories&post=1325"},{"taxonomy":"post_tag","embeddable":true,"href":"https:\/\/eldiariorepublicamx.com\/index.php?rest_route=%2Fwp%2Fv2%2Ftags&post=1325"}],"curies":[{"name":"wp","href":"https:\/\/api.w.org\/{rel}","templated":true}]}}