{"id":1323,"date":"2026-04-22T10:26:03","date_gmt":"2026-04-22T16:26:03","guid":{"rendered":"https:\/\/eldiariorepublicamx.com\/?p=1323"},"modified":"2026-04-22T10:26:03","modified_gmt":"2026-04-22T16:26:03","slug":"presidenta-sheinbaum-transmite-conferencia-matutina-con-anuncios-sobre-salud-mental-juvenil","status":"publish","type":"post","link":"https:\/\/eldiariorepublicamx.com\/?p=1323","title":{"rendered":"Presidenta Sheinbaum transmite conferencia matutina con anuncios sobre salud mental juvenil"},"content":{"rendered":"<p>La presidenta Claudia Sheinbaum condujo este mi\u00e9rcoles 22 de abril su conferencia de prensa matutina desde Palacio Nacional, donde dio a conocer una nueva estrategia de salud mental dirigida a ni\u00f1os y adolescentes.<\/p>\n<h3>Presentaci\u00f3n de programas sociales<\/h3>\n<p>Durante la transmisi\u00f3n en vivo, la mandataria anunci\u00f3 el lanzamiento de un programa denominado \u201cEl ABC de las emociones\u201d, que se implementar\u00e1 en las escuelas del pa\u00eds. Previo a este anuncio, se mostr\u00f3 un reporte sobre la entrega de Viviendas del Bienestar en el estado de Veracruz.<\/p>\n<p>Sheinbaum tambi\u00e9n inform\u00f3 que se realizar\u00e1 una conexi\u00f3n en vivo desde Tlaxcala para presentar actividades enfocadas en la juventud, como parte de la din\u00e1mica habitual de su espacio informativo.<\/p>\n<h3>Detalles de la estrategia de salud mental<\/h3>\n<p>El secretario de Salud, David Kershenobich, fue el encargado de presentar la Estrategia Nacional de Atenci\u00f3n a la Salud Mental para las y los J\u00f3venes. Para sustentar la iniciativa, se dieron a conocer los resultados de la Encuesta Nacional de Consumo de Drogas, Alcohol y Tabaco.<\/p>\n<p>El funcionario identific\u00f3 factores de riesgo como malestar psicol\u00f3gico, ideas suicidas, violencia y consumo de cualquier droga. Se\u00f1al\u00f3 que la poblaci\u00f3n entre 12 y 17 a\u00f1os es la que concentra las mayores vulnerabilidades.<\/p>\n","protected":false},"excerpt":{"rendered":"<p>La presidenta Claudia Sheinbaum condujo este mi\u00e9rcoles 22 de abril su conferencia de prensa matutina desde Palacio Nacional, donde dio a conocer una nueva estrategia&hellip;<\/p>\n","protected":false},"author":2,"featured_media":1324,"comment_status":"open","ping_status":"open","sticky":false,"template":"","format":"standard","meta":{"footnotes":""},"categories":[252,290],"tags":[13,1093,404,17,1092],"class_list":["post-1323","post","type-post","status-publish","format-standard","has-post-thumbnail","hentry","category-agenda-nacional","category-sociedad-y-cultura","tag-claudia-sheinbaum","tag-jovenes","tag-mananera","tag-palacio-nacional","tag-salud-mental"],"_links":{"self":[{"href":"https:\/\/eldiariorepublicamx.com\/index.php?rest_route=\/wp\/v2\/posts\/1323","targetHints":{"allow":["GET"]}}],"collection":[{"href":"https:\/\/eldiariorepublicamx.com\/index.php?rest_route=\/wp\/v2\/posts"}],"about":[{"href":"https:\/\/eldiariorepublicamx.com\/index.php?rest_route=\/wp\/v2\/types\/post"}],"author":[{"embeddable":true,"href":"https:\/\/eldiariorepublicamx.com\/index.php?rest_route=\/wp\/v2\/users\/2"}],"replies":[{"embeddable":true,"href":"https:\/\/eldiariorepublicamx.com\/index.php?rest_route=%2Fwp%2Fv2%2Fcomments&post=1323"}],"version-history":[{"count":0,"href":"https:\/\/eldiariorepublicamx.com\/index.php?rest_route=\/wp\/v2\/posts\/1323\/revisions"}],"wp:featuredmedia":[{"embeddable":true,"href":"https:\/\/eldiariorepublicamx.com\/index.php?rest_route=\/wp\/v2\/media\/1324"}],"wp:attachment":[{"href":"https:\/\/eldiariorepublicamx.com\/index.php?rest_route=%2Fwp%2Fv2%2Fmedia&parent=1323"}],"wp:term":[{"taxonomy":"category","embeddable":true,"href":"https:\/\/eldiariorepublicamx.com\/index.php?rest_route=%2Fwp%2Fv2%2Fcategories&post=1323"},{"taxonomy":"post_tag","embeddable":true,"href":"https:\/\/eldiariorepublicamx.com\/index.php?rest_route=%2Fwp%2Fv2%2Ftags&post=1323"}],"curies":[{"name":"wp","href":"https:\/\/api.w.org\/{rel}","templated":true}]}}