{"id":1317,"date":"2026-04-22T08:26:45","date_gmt":"2026-04-22T14:26:45","guid":{"rendered":"https:\/\/eldiariorepublicamx.com\/?p=1317"},"modified":"2026-04-22T08:26:45","modified_gmt":"2026-04-22T14:26:45","slug":"sheinbaum-presenta-avances-de-gobierno-y-reitera-compromiso-con-el-pueblo-en-conferencia-matutina","status":"publish","type":"post","link":"https:\/\/eldiariorepublicamx.com\/?p=1317","title":{"rendered":"Sheinbaum presenta avances de gobierno y reitera compromiso con el pueblo en conferencia matutina"},"content":{"rendered":"<p>La presidenta de M\u00e9xico, Claudia Sheinbaum, ofreci\u00f3 su conferencia de prensa matutina habitual este mi\u00e9rcoles 22 de abril de 2026, donde expuso los avances y el rumbo de su administraci\u00f3n.<\/p>\n<h3>Defensa de la Cuarta Transformaci\u00f3n<\/h3>\n<p>Durante su intervenci\u00f3n, la mandataria destac\u00f3 los logros alcanzados en el marco del proyecto de la Cuarta Transformaci\u00f3n, reafirmando su compromiso con las pol\u00edticas de bienestar y justicia social que caracterizan a su gobierno.<\/p>\n<h3>Enfoque en la austeridad republicana<\/h3>\n<p>Sheinbaum subray\u00f3 la continuidad de la pol\u00edtica de austeridad republicana, enfatizando el uso responsable de los recursos p\u00fablicos para beneficio de la poblaci\u00f3n m\u00e1s necesitada, en contraste con lo que describi\u00f3 como los excesos de los gobiernos neoliberales del pasado.<\/p>\n<p>La conferencia sirvi\u00f3 como un espacio para que la jefa del Ejecutivo federal informara directamente a la ciudadan\u00eda sobre el quehacer gubernamental, una pr\u00e1ctica que se ha mantenido como un pilar de comunicaci\u00f3n en esta administraci\u00f3n.<\/p>\n","protected":false},"excerpt":{"rendered":"<p>La presidenta de M\u00e9xico, Claudia Sheinbaum, ofreci\u00f3 su conferencia de prensa matutina habitual este mi\u00e9rcoles 22 de abril de 2026, donde expuso los avances y&hellip;<\/p>\n","protected":false},"author":2,"featured_media":1318,"comment_status":"open","ping_status":"open","sticky":false,"template":"","format":"standard","meta":{"footnotes":""},"categories":[252],"tags":[13,426,427,801],"class_list":["post-1317","post","type-post","status-publish","format-standard","has-post-thumbnail","hentry","category-agenda-nacional","tag-claudia-sheinbaum","tag-conferencia","tag-matutina","tag-presidenta"],"_links":{"self":[{"href":"https:\/\/eldiariorepublicamx.com\/index.php?rest_route=\/wp\/v2\/posts\/1317","targetHints":{"allow":["GET"]}}],"collection":[{"href":"https:\/\/eldiariorepublicamx.com\/index.php?rest_route=\/wp\/v2\/posts"}],"about":[{"href":"https:\/\/eldiariorepublicamx.com\/index.php?rest_route=\/wp\/v2\/types\/post"}],"author":[{"embeddable":true,"href":"https:\/\/eldiariorepublicamx.com\/index.php?rest_route=\/wp\/v2\/users\/2"}],"replies":[{"embeddable":true,"href":"https:\/\/eldiariorepublicamx.com\/index.php?rest_route=%2Fwp%2Fv2%2Fcomments&post=1317"}],"version-history":[{"count":0,"href":"https:\/\/eldiariorepublicamx.com\/index.php?rest_route=\/wp\/v2\/posts\/1317\/revisions"}],"wp:featuredmedia":[{"embeddable":true,"href":"https:\/\/eldiariorepublicamx.com\/index.php?rest_route=\/wp\/v2\/media\/1318"}],"wp:attachment":[{"href":"https:\/\/eldiariorepublicamx.com\/index.php?rest_route=%2Fwp%2Fv2%2Fmedia&parent=1317"}],"wp:term":[{"taxonomy":"category","embeddable":true,"href":"https:\/\/eldiariorepublicamx.com\/index.php?rest_route=%2Fwp%2Fv2%2Fcategories&post=1317"},{"taxonomy":"post_tag","embeddable":true,"href":"https:\/\/eldiariorepublicamx.com\/index.php?rest_route=%2Fwp%2Fv2%2Ftags&post=1317"}],"curies":[{"name":"wp","href":"https:\/\/api.w.org\/{rel}","templated":true}]}}