{"id":1314,"date":"2026-04-21T16:00:00","date_gmt":"2026-04-21T22:00:00","guid":{"rendered":"https:\/\/eldiariorepublicamx.com\/?p=1314"},"modified":"2026-04-21T16:00:00","modified_gmt":"2026-04-21T22:00:00","slug":"sheinbaum-conversa-con-la-primera-ministra-de-japon-y-abre-puerta-a-mas-empleos-rios-limpios-y-futuro-para-las-familias-mexicanas","status":"publish","type":"post","link":"https:\/\/eldiariorepublicamx.com\/?p=1314","title":{"rendered":"Sheinbaum conversa con la primera ministra de Jap\u00f3n y abre puerta a m\u00e1s empleos, r\u00edos limpios y futuro para las familias mexicanas"},"content":{"rendered":"\n<p>Nuestra presidenta Claudia Sheinbaum sostuvo una conversaci\u00f3n productiva con la primera ministra de Jap\u00f3n, Sanae Takaichi, para fortalecer la relaci\u00f3n bilateral en beneficio del pueblo mexicano. El di\u00e1logo, realizado el lunes 20 de abril, se centr\u00f3 en inversi\u00f3n, comercio y cooperaci\u00f3n ambiental.<\/p>\n\n\n\n<p><strong>Lo que significa para las familias trabajadoras:<\/strong><\/p>\n\n\n\n<ul class=\"wp-block-list\">\n<li>M\u00e1s de 1,600 empresas japonesas ya operan en M\u00e9xico y generan alrededor de 350 mil empleos directos para las y los mexicanos<\/li>\n\n\n\n<li>Takaichi solicit\u00f3 a nuestra presidenta crear condiciones favorables para las empresas japonesas que trabajan en el pa\u00eds, lo que abre la puerta a m\u00e1s fuentes de trabajo<\/li>\n\n\n\n<li>Ambas mandatarias acordaron elevar la cooperaci\u00f3n bilateral a un nuevo nivel, con un marco de di\u00e1logo que incluye seguridad econ\u00f3mica<\/li>\n<\/ul>\n\n\n\n<p><strong>Agua limpia y aire sano tambi\u00e9n en la agenda:<\/strong><\/p>\n\n\n\n<ul class=\"wp-block-list\">\n<li>Sheinbaum agradeci\u00f3 el apoyo de la Agencia de Cooperaci\u00f3n Internacional de Jap\u00f3n (JICA) en proyectos de saneamiento de r\u00edos y combate a la contaminaci\u00f3n del aire<\/li>\n\n\n\n<li>Nuestra presidenta propuso ampliar esa colaboraci\u00f3n ambiental hacia nuevos frentes, en favor de las comunidades mexicanas<\/li>\n<\/ul>\n\n\n\n<p>El encuentro dur\u00f3 aproximadamente 20 minutos y refuerza la pol\u00edtica exterior del gobierno de la 4T, orientada a diversificar relaciones y atraer inversi\u00f3n que genere bienestar para el pueblo.<\/p>\n","protected":false},"excerpt":{"rendered":"<p>Nuestra presidenta Claudia Sheinbaum sostuvo una conversaci\u00f3n productiva con la primera ministra de Jap\u00f3n, Sanae Takaichi, para fortalecer la relaci\u00f3n bilateral en beneficio del pueblo&hellip;<\/p>\n","protected":false},"author":5,"featured_media":1315,"comment_status":"open","ping_status":"open","sticky":false,"template":"","format":"standard","meta":{"footnotes":""},"categories":[252],"tags":[13,96,45,18],"class_list":["post-1314","post","type-post","status-publish","format-standard","has-post-thumbnail","hentry","category-agenda-nacional","tag-claudia-sheinbaum","tag-gobierno-federal","tag-mexico","tag-morena"],"_links":{"self":[{"href":"https:\/\/eldiariorepublicamx.com\/index.php?rest_route=\/wp\/v2\/posts\/1314","targetHints":{"allow":["GET"]}}],"collection":[{"href":"https:\/\/eldiariorepublicamx.com\/index.php?rest_route=\/wp\/v2\/posts"}],"about":[{"href":"https:\/\/eldiariorepublicamx.com\/index.php?rest_route=\/wp\/v2\/types\/post"}],"author":[{"embeddable":true,"href":"https:\/\/eldiariorepublicamx.com\/index.php?rest_route=\/wp\/v2\/users\/5"}],"replies":[{"embeddable":true,"href":"https:\/\/eldiariorepublicamx.com\/index.php?rest_route=%2Fwp%2Fv2%2Fcomments&post=1314"}],"version-history":[{"count":1,"href":"https:\/\/eldiariorepublicamx.com\/index.php?rest_route=\/wp\/v2\/posts\/1314\/revisions"}],"predecessor-version":[{"id":1316,"href":"https:\/\/eldiariorepublicamx.com\/index.php?rest_route=\/wp\/v2\/posts\/1314\/revisions\/1316"}],"wp:featuredmedia":[{"embeddable":true,"href":"https:\/\/eldiariorepublicamx.com\/index.php?rest_route=\/wp\/v2\/media\/1315"}],"wp:attachment":[{"href":"https:\/\/eldiariorepublicamx.com\/index.php?rest_route=%2Fwp%2Fv2%2Fmedia&parent=1314"}],"wp:term":[{"taxonomy":"category","embeddable":true,"href":"https:\/\/eldiariorepublicamx.com\/index.php?rest_route=%2Fwp%2Fv2%2Fcategories&post=1314"},{"taxonomy":"post_tag","embeddable":true,"href":"https:\/\/eldiariorepublicamx.com\/index.php?rest_route=%2Fwp%2Fv2%2Ftags&post=1314"}],"curies":[{"name":"wp","href":"https:\/\/api.w.org\/{rel}","templated":true}]}}