{"id":1310,"date":"2026-04-21T15:53:17","date_gmt":"2026-04-21T21:53:17","guid":{"rendered":"https:\/\/eldiariorepublicamx.com\/?p=1310"},"modified":"2026-04-21T15:53:17","modified_gmt":"2026-04-21T21:53:17","slug":"nuestra-presidenta-honra-a-los-heroes-de-veracruz-y-exige-marinos-con-honor-lealtad-y-amor-al-pueblo","status":"publish","type":"post","link":"https:\/\/eldiariorepublicamx.com\/?p=1310","title":{"rendered":"Nuestra presidenta honra a los h\u00e9roes de Veracruz y exige marinos con honor, lealtad y amor al pueblo"},"content":{"rendered":"\n<p>En el marco del 112 aniversario de la Gesta Heroica de la Defensa del Puerto de Veracruz, nuestra presidenta Claudia Sheinbaum Pardo encabez\u00f3 este martes 21 de abril la ceremonia conmemorativa en la Heroica Escuela Naval Militar de Ant\u00f3n Lizardo, donde m\u00e1s de 400 cadetes juraron bandera y recibieron su graduaci\u00f3n.<\/p>\n\n\n\n<p><strong>Un mensaje al coraz\u00f3n de M\u00e9xico:<\/strong><\/p>\n\n\n\n<ul class=\"wp-block-list\">\n<li>Sheinbaum llam\u00f3 a los nuevos marinos a ser valientes, \u00edntegros, honestos y leales: &#8220;el uniforme que portan representa autoridad, compasi\u00f3n, responsabilidad y compromiso con la vida&#8221;<\/li>\n\n\n\n<li>Les record\u00f3 que detr\u00e1s de cada misi\u00f3n hay personas, familias e historias: &#8220;el amor a la patria no es una idea abstracta, se expresa en el cuidado al otro&#8221;<\/li>\n\n\n\n<li>Cerr\u00f3 con un mensaje poderoso para las familias mexicanas: &#8220;el amor siempre vence al odio y el amor al pueblo y a la patria vence al entreguismo y a la ambici\u00f3n&#8221;<\/li>\n<\/ul>\n\n\n\n<p><strong>La historia que nos une:<\/strong><\/p>\n\n\n\n<ul class=\"wp-block-list\">\n<li>El 21 de abril de 1914, el pueblo veracruzano, el teniente Jos\u00e9 Azueta y el Cadete Virgilio Uribe defendieron la soberan\u00eda nacional frente a la invasi\u00f3n estadounidense<\/li>\n\n\n\n<li>Nuestra presidenta destac\u00f3 la valent\u00eda hist\u00f3rica del pueblo veracruzano como ejemplo de amor a la patria<\/li>\n<\/ul>\n\n\n\n<p>Acompa\u00f1ada de la gobernadora Roc\u00edo Nahle, integrantes del gabinete, la presidenta del Senado Laura Itzel y el titular de la Suprema Corte Hugo Aguilar, Sheinbaum reafirm\u00f3 que M\u00e9xico es una naci\u00f3n independiente, libre y soberana.<\/p>\n","protected":false},"excerpt":{"rendered":"<p>En el marco del 112 aniversario de la Gesta Heroica de la Defensa del Puerto de Veracruz, nuestra presidenta Claudia Sheinbaum Pardo encabez\u00f3 este martes&hellip;<\/p>\n","protected":false},"author":5,"featured_media":1312,"comment_status":"open","ping_status":"open","sticky":false,"template":"","format":"standard","meta":{"footnotes":""},"categories":[252],"tags":[13,96,45,18],"class_list":["post-1310","post","type-post","status-publish","format-standard","has-post-thumbnail","hentry","category-agenda-nacional","tag-claudia-sheinbaum","tag-gobierno-federal","tag-mexico","tag-morena"],"_links":{"self":[{"href":"https:\/\/eldiariorepublicamx.com\/index.php?rest_route=\/wp\/v2\/posts\/1310","targetHints":{"allow":["GET"]}}],"collection":[{"href":"https:\/\/eldiariorepublicamx.com\/index.php?rest_route=\/wp\/v2\/posts"}],"about":[{"href":"https:\/\/eldiariorepublicamx.com\/index.php?rest_route=\/wp\/v2\/types\/post"}],"author":[{"embeddable":true,"href":"https:\/\/eldiariorepublicamx.com\/index.php?rest_route=\/wp\/v2\/users\/5"}],"replies":[{"embeddable":true,"href":"https:\/\/eldiariorepublicamx.com\/index.php?rest_route=%2Fwp%2Fv2%2Fcomments&post=1310"}],"version-history":[{"count":1,"href":"https:\/\/eldiariorepublicamx.com\/index.php?rest_route=\/wp\/v2\/posts\/1310\/revisions"}],"predecessor-version":[{"id":1313,"href":"https:\/\/eldiariorepublicamx.com\/index.php?rest_route=\/wp\/v2\/posts\/1310\/revisions\/1313"}],"wp:featuredmedia":[{"embeddable":true,"href":"https:\/\/eldiariorepublicamx.com\/index.php?rest_route=\/wp\/v2\/media\/1312"}],"wp:attachment":[{"href":"https:\/\/eldiariorepublicamx.com\/index.php?rest_route=%2Fwp%2Fv2%2Fmedia&parent=1310"}],"wp:term":[{"taxonomy":"category","embeddable":true,"href":"https:\/\/eldiariorepublicamx.com\/index.php?rest_route=%2Fwp%2Fv2%2Fcategories&post=1310"},{"taxonomy":"post_tag","embeddable":true,"href":"https:\/\/eldiariorepublicamx.com\/index.php?rest_route=%2Fwp%2Fv2%2Ftags&post=1310"}],"curies":[{"name":"wp","href":"https:\/\/api.w.org\/{rel}","templated":true}]}}