{"id":1301,"date":"2026-04-21T12:25:52","date_gmt":"2026-04-21T18:25:52","guid":{"rendered":"https:\/\/eldiariorepublicamx.com\/?p=1301"},"modified":"2026-04-21T14:52:06","modified_gmt":"2026-04-21T20:52:06","slug":"sheinbaum-anuncia-reapertura-de-teotihuacan-para-este-miercoles-con-medidas-de-seguridad-reforzadas","status":"publish","type":"post","link":"https:\/\/eldiariorepublicamx.com\/?p=1301","title":{"rendered":"Sheinbaum anuncia reapertura de Teotihuac\u00e1n para este mi\u00e9rcoles con medidas de seguridad reforzadas"},"content":{"rendered":"<p>La presidenta Claudia Sheinbaum confirm\u00f3 durante la conferencia ma\u00f1anera de este martes que la zona arqueol\u00f3gica de Teotihuac\u00e1n ser\u00e1 reabierta al p\u00fablico a partir del mi\u00e9rcoles 22 de abril, tras el cierre decretado por un ataque ocurrido el d\u00eda anterior.<\/p>\n<h3>Reforzamiento de la seguridad<\/h3>\n<p>La mandataria se\u00f1al\u00f3 que la reapertura vendr\u00e1 acompa\u00f1ada de un fortalecimiento de las medidas de seguridad en el sitio. Entre estas acciones se eval\u00faa la instalaci\u00f3n de arcos detectores y sistemas de rayos X para la revisi\u00f3n de los visitantes.<\/p>\n<p>Tambi\u00e9n se plante\u00f3 intensificar la vigilancia preventiva, lo que incluye el monitoreo de redes sociales. Asimismo, se mencion\u00f3 un programa para promover la participaci\u00f3n de familias y la comunidad educativa con el objetivo de identificar y prevenir conductas de riesgo, particularmente en materia de salud mental, tema que ser\u00e1 ampliado en la conferencia del mi\u00e9rcoles.<\/p>\n<h3>Los hechos que motivaron el cierre<\/h3>\n<p>El cierre temporal fue decretado por el Instituto Nacional de Arqueolog\u00eda e Historia (INAH) luego de que, el lunes alrededor de las 11:20 horas, se registraran detonaciones en el centro ceremonial de San Juan Teotihuac\u00e1n, espec\u00edficamente en la Pir\u00e1mide de la Luna.<\/p>\n<p>Elementos de la Guardia Nacional y otras corporaciones arribaron al lugar cerca de las 11:30 horas y, al ser agredidos con disparos, repelieron la agresi\u00f3n, lesionando al atacante en una pierna. Seg\u00fan la narraci\u00f3n de Crist\u00f3bal Casta\u00f1eda Camarillo, titular de la Secretar\u00eda de Seguridad del Estado de M\u00e9xico, presentada en la ma\u00f1anera, quince minutos despu\u00e9s el individuo se quit\u00f3 la vida voluntariamente.<\/p>\n<h3>Balance de v\u00edctimas y perfil de los visitantes<\/h3>\n<p>El saldo del incidente fue de dos personas fallecidas y trece heridas. De estas \u00faltimas, seis contin\u00faan recibiendo atenci\u00f3n m\u00e9dica y algunas esperan valoraci\u00f3n especializada. Seg\u00fan el Gabinete de Seguridad, entre los visitantes lesionados se encuentran tres colombianos, un ruso, dos brasile\u00f1os, seis estadounidenses y una canadiense.<\/p>\n<p>Teotihuac\u00e1n es una de las zonas arqueol\u00f3gicas m\u00e1s visitadas del pa\u00eds, con m\u00e1s de un mill\u00f3n de visitas acumuladas en 2025, y suele permanecer abierta los 365 d\u00edas del a\u00f1o en un horario de 8:00 a 17:00 horas.<\/p>\n","protected":false},"excerpt":{"rendered":"<p>La presidenta Claudia Sheinbaum confirm\u00f3 durante la conferencia ma\u00f1anera de este martes que la zona arqueol\u00f3gica de Teotihuac\u00e1n ser\u00e1 reabierta al p\u00fablico a partir del&hellip;<\/p>\n","protected":false},"author":2,"featured_media":1276,"comment_status":"open","ping_status":"open","sticky":false,"template":"","format":"standard","meta":{"footnotes":""},"categories":[251],"tags":[1088,1087,42,288,1066],"class_list":["post-1301","post","type-post","status-publish","format-standard","has-post-thumbnail","hentry","category-la-mananera-en-breve","tag-ataque","tag-reapertura","tag-seguridad","tag-sheinbaum","tag-teotihuacan"],"_links":{"self":[{"href":"https:\/\/eldiariorepublicamx.com\/index.php?rest_route=\/wp\/v2\/posts\/1301","targetHints":{"allow":["GET"]}}],"collection":[{"href":"https:\/\/eldiariorepublicamx.com\/index.php?rest_route=\/wp\/v2\/posts"}],"about":[{"href":"https:\/\/eldiariorepublicamx.com\/index.php?rest_route=\/wp\/v2\/types\/post"}],"author":[{"embeddable":true,"href":"https:\/\/eldiariorepublicamx.com\/index.php?rest_route=\/wp\/v2\/users\/2"}],"replies":[{"embeddable":true,"href":"https:\/\/eldiariorepublicamx.com\/index.php?rest_route=%2Fwp%2Fv2%2Fcomments&post=1301"}],"version-history":[{"count":1,"href":"https:\/\/eldiariorepublicamx.com\/index.php?rest_route=\/wp\/v2\/posts\/1301\/revisions"}],"predecessor-version":[{"id":1309,"href":"https:\/\/eldiariorepublicamx.com\/index.php?rest_route=\/wp\/v2\/posts\/1301\/revisions\/1309"}],"wp:featuredmedia":[{"embeddable":true,"href":"https:\/\/eldiariorepublicamx.com\/index.php?rest_route=\/wp\/v2\/media\/1276"}],"wp:attachment":[{"href":"https:\/\/eldiariorepublicamx.com\/index.php?rest_route=%2Fwp%2Fv2%2Fmedia&parent=1301"}],"wp:term":[{"taxonomy":"category","embeddable":true,"href":"https:\/\/eldiariorepublicamx.com\/index.php?rest_route=%2Fwp%2Fv2%2Fcategories&post=1301"},{"taxonomy":"post_tag","embeddable":true,"href":"https:\/\/eldiariorepublicamx.com\/index.php?rest_route=%2Fwp%2Fv2%2Ftags&post=1301"}],"curies":[{"name":"wp","href":"https:\/\/api.w.org\/{rel}","templated":true}]}}