{"id":13,"date":"2026-03-13T12:34:01","date_gmt":"2026-03-13T18:34:01","guid":{"rendered":"https:\/\/eldiariorepublicamx.com\/?p=13"},"modified":"2026-03-16T23:15:27","modified_gmt":"2026-03-17T05:15:27","slug":"nacionalricardo-monreal-reconoce-que-el-plan-b-de-reforma-electoral-necesita-mayoria-calificada-y-respaldo-de-pt-y-pvem","status":"publish","type":"post","link":"https:\/\/eldiariorepublicamx.com\/?p=13","title":{"rendered":"Ricardo Monreal reconoce que el plan B de reforma electoral necesita mayor\u00eda calificada y respaldo de PT y PVEM"},"content":{"rendered":"<p>Ricardo Monreal, coordinador de los diputados de Morena, reconoci\u00f3 que el denominado plan B de reforma electoral impulsado por la presidenta Claudia Sheinbaum implica modificaciones constitucionales que requieren mayor\u00eda calificada, as\u00ed como el respaldo del Partido del Trabajo (PT) y del Partido Verde Ecologista de M\u00e9xico (PVEM) para avanzar. Admiti\u00f3 que tras la derrota de la propuesta original, el gobierno busca reconstruir la alianza legislativa con ambos partidos, luego de una reuni\u00f3n de seis horas en Palacio Nacional.<\/p>\n<h3>Reconstrucci\u00f3n de la alianza pol\u00edtica<\/h3>\n<p>Monreal destac\u00f3 que la invitaci\u00f3n de Sheinbaum a representantes del PT y PVEM a dialogar fue un acto de generosidad pol\u00edtica que refleja su altura como jefa de Estado. &#8220;Actu\u00f3 con generosidad. Haberlos invitado a conversar ayer (mi\u00e9rcoles) es un acto de generosidad, que eleva su nivel, su altura como jefa de Estado&#8221;, afirm\u00f3. Consider\u00f3 que este acercamiento busca sanar malentendidos y restablecer la fuerza legislativa necesaria para el pa\u00eds.<\/p>\n<p>&#8220;Buscar reconciliar y reconstruir una relaci\u00f3n como alianza pol\u00edtica, con el PT y PVEM, habla muy bien de su actitud y generosidad como presidenta&#8221;, a\u00f1adi\u00f3. Se\u00f1al\u00f3 que la reuni\u00f3n, que cont\u00f3 con la presencia de los coordinadores de la mayor\u00eda en ambas c\u00e1maras, concluy\u00f3 alrededor de las dos de la ma\u00f1ana, aunque la intervenci\u00f3n de la mandataria finaliz\u00f3 a las 21:30 horas.<\/p>\n<h3>Trabajo continuo con Gobernaci\u00f3n<\/h3>\n<p>Despu\u00e9s de la participaci\u00f3n de Sheinbaum, los legisladores continuaron reunidos con la secretaria de Gobernaci\u00f3n, Rosa Icela Rodr\u00edguez, para analizar alternativas y estrategias. Monreal indic\u00f3 que se busca construir una reforma constitucional menos profunda que la primera propuesta, pero suficiente para fortalecer el tejido pol\u00edtico y legislativo del gobierno federal.<\/p>\n<blockquote><p>&#8220;Fue un gesto de generosidad para los aliados, que no obstante haber votado en contra de su propuesta de reforma constitucional, ella, generosamente, con un buen tacto pol\u00edtico, los invit\u00f3 a sentarse a la mesa para intentar reconstruir la alianza&#8221;<\/p><\/blockquote>\n<p>El senador subray\u00f3 que los temas planteados \u2014como la elecci\u00f3n de ayuntamientos, integraci\u00f3n de congresos locales, revocaci\u00f3n de mandato y consultas ciudadanas\u2014 son reformas constitucionales que demandan consensos amplios. A pesar de que es previsible que PT y PVEM podr\u00edan rechazar esta nueva propuesta, Monreal conf\u00eda en que no desestimar\u00e1n la oferta de reconciliaci\u00f3n.<\/p>\n<h3>Pr\u00f3ximos pasos legislativos<\/h3>\n<p>La presidenta Sheinbaum se comprometi\u00f3 a enviar la iniciativa de reforma la pr\u00f3xima semana, posiblemente el lunes o martes, seg\u00fan inform\u00f3 Monreal. Mientras tanto, la Secretar\u00eda de Gobernaci\u00f3n mantiene contactos con los partidos aliados para evaluar su disposici\u00f3n. &#8220;No deber\u00edan, por parte del PT y del Verde, rechazar esta oferta que la presidenta hace, de manera generosa y amplia&#8221;, insisti\u00f3.<\/p>\n<p>Monreal reiter\u00f3 el respaldo incondicional de Morena al plan B: &#8220;Sin duda, sin titubeos vamos a respaldar a la presidenta en el plan B&#8221;.<\/p>\n","protected":false},"excerpt":{"rendered":"<p>Ricardo Monreal, coordinador de los diputados de Morena, reconoci\u00f3 que el denominado plan B de reforma electoral impulsado por la presidenta Claudia Sheinbaum implica modificaciones&hellip;<\/p>\n","protected":false},"author":2,"featured_media":14,"comment_status":"open","ping_status":"open","sticky":false,"template":"","format":"standard","meta":{"footnotes":""},"categories":[52],"tags":[20,13,18,17,15,16,14,12,19],"class_list":["post-13","post","type-post","status-publish","format-standard","has-post-thumbnail","hentry","category-economia","tag-alianza-legislativa","tag-claudia-sheinbaum","tag-morena","tag-palacio-nacional","tag-pt","tag-pvem","tag-reforma-electoral","tag-ricardo-monreal","tag-rosa-icela-rodriguez"],"_links":{"self":[{"href":"https:\/\/eldiariorepublicamx.com\/index.php?rest_route=\/wp\/v2\/posts\/13","targetHints":{"allow":["GET"]}}],"collection":[{"href":"https:\/\/eldiariorepublicamx.com\/index.php?rest_route=\/wp\/v2\/posts"}],"about":[{"href":"https:\/\/eldiariorepublicamx.com\/index.php?rest_route=\/wp\/v2\/types\/post"}],"author":[{"embeddable":true,"href":"https:\/\/eldiariorepublicamx.com\/index.php?rest_route=\/wp\/v2\/users\/2"}],"replies":[{"embeddable":true,"href":"https:\/\/eldiariorepublicamx.com\/index.php?rest_route=%2Fwp%2Fv2%2Fcomments&post=13"}],"version-history":[{"count":1,"href":"https:\/\/eldiariorepublicamx.com\/index.php?rest_route=\/wp\/v2\/posts\/13\/revisions"}],"predecessor-version":[{"id":39,"href":"https:\/\/eldiariorepublicamx.com\/index.php?rest_route=\/wp\/v2\/posts\/13\/revisions\/39"}],"wp:featuredmedia":[{"embeddable":true,"href":"https:\/\/eldiariorepublicamx.com\/index.php?rest_route=\/wp\/v2\/media\/14"}],"wp:attachment":[{"href":"https:\/\/eldiariorepublicamx.com\/index.php?rest_route=%2Fwp%2Fv2%2Fmedia&parent=13"}],"wp:term":[{"taxonomy":"category","embeddable":true,"href":"https:\/\/eldiariorepublicamx.com\/index.php?rest_route=%2Fwp%2Fv2%2Fcategories&post=13"},{"taxonomy":"post_tag","embeddable":true,"href":"https:\/\/eldiariorepublicamx.com\/index.php?rest_route=%2Fwp%2Fv2%2Ftags&post=13"}],"curies":[{"name":"wp","href":"https:\/\/api.w.org\/{rel}","templated":true}]}}