{"id":1294,"date":"2026-04-21T10:28:30","date_gmt":"2026-04-21T16:28:30","guid":{"rendered":"https:\/\/eldiariorepublicamx.com\/?p=1294"},"modified":"2026-04-21T10:28:30","modified_gmt":"2026-04-21T16:28:30","slug":"salma-hayek-exhibe-sus-canas-con-orgullo-en-evento-cinematografico-en-california","status":"publish","type":"post","link":"https:\/\/eldiariorepublicamx.com\/?p=1294","title":{"rendered":"Salma Hayek exhibe sus canas con orgullo en evento cinematogr\u00e1fico en California"},"content":{"rendered":"<p>La actriz mexicana Salma Hayek hizo una aparici\u00f3n p\u00fablica destacada en la ceremonia del Breakthrough Prize en Santa M\u00f3nica, California, el 18 de abril de 2026, donde luci\u00f3 con naturalidad sus cabellos grises, convirti\u00e9ndolos en el elemento central de su peinado.<\/p>\n<p>Durante el evento, la artista de 59 a\u00f1os mostr\u00f3 su melena con numerosos mechones plateados, recogida de manera estructurada para resaltarlos sobre su base casta\u00f1a, en lo que se interpreta como una declaraci\u00f3n moderna sobre el envejecimiento.<\/p>\n<h3>Un look completo y elegante<\/h3>\n<p>Su atuendo consisti\u00f3 en un vestido negro de largo completo, confeccionado a la medida por Gucci, con detalles florales bordados y lentejuelas sutiles, que se ajustaba a su figura en el torso y las caderas. Complement\u00f3 su look con joyer\u00eda de diamantes, incluyendo pendientes tipo gota, un anillo y una pulsera.<\/p>\n<p>El maquillaje de la actriz se mantuvo en tonos c\u00e1lidos y neutros, con un ligero ahumado en los ojos y labios en color rosa apagado, logrando un acabado de glamour sutil.<\/p>\n<h3>Una postura contra los estereotipos<\/h3>\n<p>Salma Hayek ha utilizado su plataforma para hablar sobre los roles limitados que ofrece Hollywood a las mujeres a medida que envejecen. En una entrevista con Marie Claire en 2025, afirm\u00f3 que una de sus misiones es recordar que las mujeres no son desechables despu\u00e9s de cierta edad en ning\u00fan \u00e1mbito. \u201cUna de mis misiones es recordar a todos que las mujeres no son desechables despu\u00e9s de cierta edad en ning\u00fan \u00e1mbito\u201d, dijo a la publicaci\u00f3n, y a\u00f1adi\u00f3: \u201cTenemos que combatir eso con todo lo que tengamos\u201d.<\/p>\n<p>La int\u00e9rprete tambi\u00e9n reflexion\u00f3 sobre su propia trayectoria, se\u00f1alando que, aunque antes era vista principalmente como &#8216;la chica sexy&#8217;, la edad le ha permitido explorar otros territorios profesionales, sin dejar de sentirse atractiva. \u201cHubo una \u00e9poca en la que yo era la chica sexy, pero gracias a Dios la edad lleg\u00f3 y me dio la capacidad de expandirme a otros territorios\u201d, se\u00f1al\u00f3. \u201cAunque sigo siendo sexy y lo abrazo\u201d.<\/p>\n<p>Asisti\u00f3 al evento acompa\u00f1ada de su esposo, el empresario Fran\u00e7ois-Henri Pinault, quien visti\u00f3 un esmoquin negro cl\u00e1sico. Ambos mostraron complicidad en la alfombra roja, con gestos afectuosos como cuando ella le acarici\u00f3 el rostro de manera juguetona.<\/p>\n","protected":false},"excerpt":{"rendered":"<p>La actriz mexicana Salma Hayek hizo una aparici\u00f3n p\u00fablica destacada en la ceremonia del Breakthrough Prize en Santa M\u00f3nica, California, el 18 de abril de&hellip;<\/p>\n","protected":false},"author":2,"featured_media":1295,"comment_status":"open","ping_status":"open","sticky":false,"template":"","format":"standard","meta":{"footnotes":""},"categories":[290],"tags":[1080,1079,1082,1081,1078],"class_list":["post-1294","post","type-post","status-publish","format-standard","has-post-thumbnail","hentry","category-sociedad-y-cultura","tag-breakthrough-prize","tag-canas","tag-envejecimiento","tag-hollywood","tag-salma-hayek"],"_links":{"self":[{"href":"https:\/\/eldiariorepublicamx.com\/index.php?rest_route=\/wp\/v2\/posts\/1294","targetHints":{"allow":["GET"]}}],"collection":[{"href":"https:\/\/eldiariorepublicamx.com\/index.php?rest_route=\/wp\/v2\/posts"}],"about":[{"href":"https:\/\/eldiariorepublicamx.com\/index.php?rest_route=\/wp\/v2\/types\/post"}],"author":[{"embeddable":true,"href":"https:\/\/eldiariorepublicamx.com\/index.php?rest_route=\/wp\/v2\/users\/2"}],"replies":[{"embeddable":true,"href":"https:\/\/eldiariorepublicamx.com\/index.php?rest_route=%2Fwp%2Fv2%2Fcomments&post=1294"}],"version-history":[{"count":0,"href":"https:\/\/eldiariorepublicamx.com\/index.php?rest_route=\/wp\/v2\/posts\/1294\/revisions"}],"wp:featuredmedia":[{"embeddable":true,"href":"https:\/\/eldiariorepublicamx.com\/index.php?rest_route=\/wp\/v2\/media\/1295"}],"wp:attachment":[{"href":"https:\/\/eldiariorepublicamx.com\/index.php?rest_route=%2Fwp%2Fv2%2Fmedia&parent=1294"}],"wp:term":[{"taxonomy":"category","embeddable":true,"href":"https:\/\/eldiariorepublicamx.com\/index.php?rest_route=%2Fwp%2Fv2%2Fcategories&post=1294"},{"taxonomy":"post_tag","embeddable":true,"href":"https:\/\/eldiariorepublicamx.com\/index.php?rest_route=%2Fwp%2Fv2%2Ftags&post=1294"}],"curies":[{"name":"wp","href":"https:\/\/api.w.org\/{rel}","templated":true}]}}