{"id":1288,"date":"2026-04-21T10:28:22","date_gmt":"2026-04-21T16:28:22","guid":{"rendered":"https:\/\/eldiariorepublicamx.com\/?p=1288"},"modified":"2026-04-21T10:28:22","modified_gmt":"2026-04-21T16:28:22","slug":"funcionarios-federales-deberan-renunciar-a-sus-puestos-si-buscan-candidaturas-para-gubernaturas-por-morena-en-2027","status":"publish","type":"post","link":"https:\/\/eldiariorepublicamx.com\/?p=1288","title":{"rendered":"Funcionarios federales deber\u00e1n renunciar a sus puestos si buscan candidaturas para gubernaturas por Morena en 2027"},"content":{"rendered":"<p>Por instrucci\u00f3n de la presidenta Claudia Sheinbaum y con el respaldo de la dirigencia de Morena, los integrantes del gabinete federal que deseen contender por gubernaturas en las elecciones de 2027 deber\u00e1n dejar sus cargos p\u00fablicos. La convocatoria oficial para los Comit\u00e9s de Defensa de la Cuarta Transformaci\u00f3n a nivel estatal ser\u00e1 lanzada por el partido en aproximadamente 62 d\u00edas.<\/p>\n<h3>Ruta clara desde la Presidencia<\/h3>\n<p>Sheinbaum Pardo ha sido clara al establecer que ning\u00fan servidor p\u00fablico puede combinar funciones de gobierno con participaci\u00f3n electoral. La mandataria afirm\u00f3: <\/p>\n<blockquote><p>\u201cYa tendr\u00e1n que decirme qui\u00e9n quiera irse de candidato o candidata a alg\u00fan lado para poder dejar el gobierno\u201d.<\/p><\/blockquote>\n<p> A\u00f1adi\u00f3 que <\/p>\n<blockquote><p>\u201cNo se puede ser servidor p\u00fablico y al mismo tiempo candidato; tienen que dejar el gobierno y, en todo caso, dedicarse a trabajar por el partido al que pertenezcan\u201d.<\/p><\/blockquote>\n<p> Esta postura ha sido respaldada por la dirigente nacional de Morena, Luisa Mar\u00eda Alcalde Luj\u00e1n.<\/p>\n<h3>Posibles movimientos en el gabinete<\/h3>\n<p>Se menciona que al menos cinco perfiles del gabinete podr\u00edan contender por sus estados. Entre los posibles aspirantes se encuentran Rosa Icela Rodr\u00edguez Vel\u00e1zquez, secretaria de Gobernaci\u00f3n, vinculada a San Luis Potos\u00ed; Mario Delgado Carrillo, secretario de Educaci\u00f3n P\u00fablica, con posibilidades en Colima; Esthela Dami\u00e1n Peralta, consejera jur\u00eddica del Ejecutivo Federal, relacionada con Guerrero; Josefina Rodr\u00edguez Zamora, secretaria de Turismo, considerada para Tlaxcala; y Julio Berdegu\u00e9 Sacrist\u00e1n, secretario de Agricultura y Desarrollo Rural, quien podr\u00eda buscar la gubernatura de Sinaloa.<\/p>\n<h3>Escenario de competencia interna<\/h3>\n<p>Analistas advierten un escenario de alta competencia dentro de Morena a semanas del arranque formal del proceso interno. El polit\u00f3logo de la UNAM, Hugo S\u00e1nchez Gudi\u00f1o, describi\u00f3 el contexto como una din\u00e1mica de fuerte presi\u00f3n pol\u00edtica interna, se\u00f1alando que <\/p>\n<blockquote><p>\u201cTodos buscan sobrevivir pol\u00edticamente y asegurar una posici\u00f3n rumbo al siguiente ciclo electoral\u201d.<\/p><\/blockquote>\n<p> El especialista tambi\u00e9n advirti\u00f3 una reconfiguraci\u00f3n en la alianza oficialista con el PT y el PVEM, donde cada fuerza ha comenzado a operar con intereses propios.<\/p>\n<h3>Disputas territoriales y acusaciones<\/h3>\n<p>La disputa interna se extender\u00eda a al menos 12 entidades, incluyendo Campeche, Sinaloa, Tabasco, Michoac\u00e1n y Nuevo Le\u00f3n, con tensiones entre corrientes internas y liderazgos regionales. S\u00e1nchez Gudi\u00f1o sostuvo que en estos procesos se han documentado acusaciones recurrentes, como el uso indebido de recursos p\u00fablicos, presuntos v\u00ednculos con el crimen organizado y presiones internas para favorecer a grupos pol\u00edticos. El acad\u00e9mico precis\u00f3 que Morena busca mantener el control de las 12 gubernaturas que actualmente gobierna y ampliar su presencia territorial.<\/p>\n<h3>Calendario y pr\u00f3ximos movimientos<\/h3>\n<p>Morena prev\u00e9 abrir el registro de aspirantes a coordinadores de los Comit\u00e9s de Defensa de la 4T a partir del 22 de junio de 2026, fecha de la convocatoria oficial. El analista pol\u00edtico Armando Zacar\u00edas, acad\u00e9mico de la UdeG, consider\u00f3 que este proceso podr\u00eda acelerar movimientos dentro del gabinete federal, especialmente posibles renuncias. Zacar\u00edas se\u00f1al\u00f3 que, conforme avance el calendario interno y la definici\u00f3n de las encuestas para selecci\u00f3n de candidaturas, podr\u00edan comenzar a observarse en las pr\u00f3ximas dos o tres semanas los primeros movimientos pol\u00edticos.<\/p>\n","protected":false},"excerpt":{"rendered":"<p>Por instrucci\u00f3n de la presidenta Claudia Sheinbaum y con el respaldo de la dirigencia de Morena, los integrantes del gabinete federal que deseen contender por&hellip;<\/p>\n","protected":false},"author":2,"featured_media":1289,"comment_status":"open","ping_status":"open","sticky":false,"template":"","format":"standard","meta":{"footnotes":""},"categories":[252],"tags":[13,131,1074,653,18],"class_list":["post-1288","post","type-post","status-publish","format-standard","has-post-thumbnail","hentry","category-agenda-nacional","tag-claudia-sheinbaum","tag-elecciones-2027","tag-gabinete-federal","tag-gubernaturas","tag-morena"],"_links":{"self":[{"href":"https:\/\/eldiariorepublicamx.com\/index.php?rest_route=\/wp\/v2\/posts\/1288","targetHints":{"allow":["GET"]}}],"collection":[{"href":"https:\/\/eldiariorepublicamx.com\/index.php?rest_route=\/wp\/v2\/posts"}],"about":[{"href":"https:\/\/eldiariorepublicamx.com\/index.php?rest_route=\/wp\/v2\/types\/post"}],"author":[{"embeddable":true,"href":"https:\/\/eldiariorepublicamx.com\/index.php?rest_route=\/wp\/v2\/users\/2"}],"replies":[{"embeddable":true,"href":"https:\/\/eldiariorepublicamx.com\/index.php?rest_route=%2Fwp%2Fv2%2Fcomments&post=1288"}],"version-history":[{"count":0,"href":"https:\/\/eldiariorepublicamx.com\/index.php?rest_route=\/wp\/v2\/posts\/1288\/revisions"}],"wp:featuredmedia":[{"embeddable":true,"href":"https:\/\/eldiariorepublicamx.com\/index.php?rest_route=\/wp\/v2\/media\/1289"}],"wp:attachment":[{"href":"https:\/\/eldiariorepublicamx.com\/index.php?rest_route=%2Fwp%2Fv2%2Fmedia&parent=1288"}],"wp:term":[{"taxonomy":"category","embeddable":true,"href":"https:\/\/eldiariorepublicamx.com\/index.php?rest_route=%2Fwp%2Fv2%2Fcategories&post=1288"},{"taxonomy":"post_tag","embeddable":true,"href":"https:\/\/eldiariorepublicamx.com\/index.php?rest_route=%2Fwp%2Fv2%2Ftags&post=1288"}],"curies":[{"name":"wp","href":"https:\/\/api.w.org\/{rel}","templated":true}]}}