{"id":1286,"date":"2026-04-21T10:28:17","date_gmt":"2026-04-21T16:28:17","guid":{"rendered":"https:\/\/eldiariorepublicamx.com\/?p=1286"},"modified":"2026-04-21T10:28:17","modified_gmt":"2026-04-21T16:28:17","slug":"presidenta-sheinbaum-y-primera-ministra-takaichi-refuerzan-cooperacion-estrategica-entre-mexico-y-japon","status":"publish","type":"post","link":"https:\/\/eldiariorepublicamx.com\/?p=1286","title":{"rendered":"Presidenta Sheinbaum y primera ministra Takaichi refuerzan cooperaci\u00f3n estrat\u00e9gica entre M\u00e9xico y Jap\u00f3n"},"content":{"rendered":"<p>La presidenta de M\u00e9xico, Claudia Sheinbaum, dio a conocer este martes que sostuvo un di\u00e1logo con la primera ministra de Jap\u00f3n, Sanae Takaichi, la tarde del lunes, en el que ambas mandatarias pactaron continuar fortaleciendo los v\u00ednculos estrat\u00e9gicos entre sus naciones.<\/p>\n<h3>Di\u00e1logo productivo y acuerdos<\/h3>\n<p>La mandataria mexicana agradeci\u00f3, a trav\u00e9s de su cuenta en la red social X, el respaldo de la Agencia de Cooperaci\u00f3n Internacional de Jap\u00f3n (JICA) para proyectos ambientales enfocados en la limpieza de r\u00edos y la disminuci\u00f3n de la poluci\u00f3n del aire. En su publicaci\u00f3n, Sheinbaum comparti\u00f3 detalles de la conversaci\u00f3n: <\/p>\n<blockquote><p>\u201cAyer por la tarde sostuvimos una conversaci\u00f3n muy productiva con la primera ministra de Jap\u00f3n, Sanae Takaichi. Hablamos de la importancia de fortalecer las relaciones entre ambos pa\u00edses en el terreno de la inversi\u00f3n, el comercio y la cooperaci\u00f3n. Agradec\u00ed el apoyo de su Agencia de Cooperaci\u00f3n en materia ambiental para saneamiento de r\u00edos y contaminaci\u00f3n atmosf\u00e9rica y propuse seguir ampliando este marco para otros temas\u201d<\/p><\/blockquote>\n<p>.<\/p>\n<h3>Presencia japonesa en M\u00e9xico<\/h3>\n<p>Durante el intercambio, la presidenta Sheinbaum Pardo destac\u00f3 la importante presencia econ\u00f3mica japonesa en M\u00e9xico, se\u00f1alando que m\u00e1s de 1,600 empresas de ese pa\u00eds asi\u00e1tico est\u00e1n establecidas en territorio nacional, generando aproximadamente 350,000 puestos de trabajo directos.<\/p>\n<h3>Solidaridad tras sismo<\/h3>\n<p>En el contexto de un terremoto reciente ocurrido en Jap\u00f3n, la presidenta mexicana tambi\u00e9n expres\u00f3, en la v\u00edspera, su solidaridad con el pueblo japon\u00e9s. Manifest\u00f3 su deseo de que no se registren v\u00edctimas mortales y su compromiso de monitorear la situaci\u00f3n en los d\u00edas siguientes.<\/p>\n<p>Finalmente, Sheinbaum reiter\u00f3 que, junto con la ministra Takaichi, acordaron dar continuidad a los esfuerzos para robustecer la relaci\u00f3n estrat\u00e9gica bilateral.<\/p>\n","protected":false},"excerpt":{"rendered":"<p>La presidenta de M\u00e9xico, Claudia Sheinbaum, dio a conocer este martes que sostuvo un di\u00e1logo con la primera ministra de Jap\u00f3n, Sanae Takaichi, la tarde&hellip;<\/p>\n","protected":false},"author":2,"featured_media":1287,"comment_status":"open","ping_status":"open","sticky":false,"template":"","format":"standard","meta":{"footnotes":""},"categories":[53,252],"tags":[13,476,516,1071,1073,1070],"class_list":["post-1286","post","type-post","status-publish","format-standard","has-post-thumbnail","hentry","category-agenda-internacional","category-agenda-nacional","tag-claudia-sheinbaum","tag-cooperacion","tag-inversion","tag-japon","tag-jica","tag-sanae-takaichi"],"_links":{"self":[{"href":"https:\/\/eldiariorepublicamx.com\/index.php?rest_route=\/wp\/v2\/posts\/1286","targetHints":{"allow":["GET"]}}],"collection":[{"href":"https:\/\/eldiariorepublicamx.com\/index.php?rest_route=\/wp\/v2\/posts"}],"about":[{"href":"https:\/\/eldiariorepublicamx.com\/index.php?rest_route=\/wp\/v2\/types\/post"}],"author":[{"embeddable":true,"href":"https:\/\/eldiariorepublicamx.com\/index.php?rest_route=\/wp\/v2\/users\/2"}],"replies":[{"embeddable":true,"href":"https:\/\/eldiariorepublicamx.com\/index.php?rest_route=%2Fwp%2Fv2%2Fcomments&post=1286"}],"version-history":[{"count":0,"href":"https:\/\/eldiariorepublicamx.com\/index.php?rest_route=\/wp\/v2\/posts\/1286\/revisions"}],"wp:featuredmedia":[{"embeddable":true,"href":"https:\/\/eldiariorepublicamx.com\/index.php?rest_route=\/wp\/v2\/media\/1287"}],"wp:attachment":[{"href":"https:\/\/eldiariorepublicamx.com\/index.php?rest_route=%2Fwp%2Fv2%2Fmedia&parent=1286"}],"wp:term":[{"taxonomy":"category","embeddable":true,"href":"https:\/\/eldiariorepublicamx.com\/index.php?rest_route=%2Fwp%2Fv2%2Fcategories&post=1286"},{"taxonomy":"post_tag","embeddable":true,"href":"https:\/\/eldiariorepublicamx.com\/index.php?rest_route=%2Fwp%2Fv2%2Ftags&post=1286"}],"curies":[{"name":"wp","href":"https:\/\/api.w.org\/{rel}","templated":true}]}}