{"id":1282,"date":"2026-04-21T10:28:12","date_gmt":"2026-04-21T16:28:12","guid":{"rendered":"https:\/\/eldiariorepublicamx.com\/?p=1282"},"modified":"2026-04-21T10:28:12","modified_gmt":"2026-04-21T16:28:12","slug":"presidenta-sheinbaum-y-primera-ministra-de-japon-acuerdan-profundizar-lazos-comerciales-y-energeticos","status":"publish","type":"post","link":"https:\/\/eldiariorepublicamx.com\/?p=1282","title":{"rendered":"Presidenta Sheinbaum y primera ministra de Jap\u00f3n acuerdan profundizar lazos comerciales y energ\u00e9ticos"},"content":{"rendered":"<p>La presidenta de M\u00e9xico, Claudia Sheinbaum, mantuvo una conversaci\u00f3n telef\u00f3nica este lunes por la noche con la primera ministra de Jap\u00f3n, Sanae Takaichi, en la que ambas l\u00edderes acordaron fortalecer la cooperaci\u00f3n bilateral en \u00e1reas como inversi\u00f3n, comercio y suministro energ\u00e9tico.<\/p>\n<h3>Compromiso estrat\u00e9gico y apoyo existente<\/h3>\n<p>Durante el di\u00e1logo, la mandataria mexicana destac\u00f3 el apoyo hist\u00f3rico que la Agencia de Cooperaci\u00f3n de Jap\u00f3n ha proporcionado a M\u00e9xico para proyectos de saneamiento de r\u00edos y combate a la contaminaci\u00f3n atmosf\u00e9rica, agradeciendo por dicha labor.<\/p>\n<p>Sheinbaum se\u00f1al\u00f3 que existen m\u00e1s de mil 600 empresas japonesas operando en territorio mexicano y expres\u00f3 el deseo de trabajar para fortalecer a\u00fan m\u00e1s las relaciones econ\u00f3micas entre ambas naciones.<\/p>\n<h3>Condolencias y temas de agenda global<\/h3>\n<p>El intercambio tambi\u00e9n incluy\u00f3 gestos de solidaridad mutua. La primera ministra Takaichi transmiti\u00f3 sus condolencias a M\u00e9xico por las v\u00edctimas del tiroteo ocurrido en Teotihuac\u00e1n, mientras que la presidenta Sheinbaum lament\u00f3 el terremoto de magnitud 7.5 que afect\u00f3 recientemente a Jap\u00f3n.<\/p>\n<p>En el contexto del conflicto en Medio Oriente, las gobernantes concordaron en avanzar en materia de suministro de energ\u00eda.<\/p>\n<h3>Propuestas de cooperaci\u00f3n futura y eventos deportivos<\/h3>\n<p>Por parte japonesa, se propuso iniciar un di\u00e1logo sobre seguridad econ\u00f3mica, destacando a M\u00e9xico como un pa\u00eds rico en recursos minerales, con el objetivo de incrementar la cooperaci\u00f3n.<\/p>\n<blockquote><p>&#8220;Acordamos seguir trabajando en la relaci\u00f3n estrat\u00e9gica de ambos pa\u00edses&#8221;, afirm\u00f3 la presidenta Sheinbaum al concluir su mensaje sobre la llamada.<\/p><\/blockquote>\n<p>La conversaci\u00f3n tambi\u00e9n toc\u00f3 el tema del pr\u00f3ximo Mundial de f\u00fatbol, programado para junio. La primera ministra Takaichi expres\u00f3 sus mejores deseos por el \u00e9xito del evento y comparti\u00f3 su expectativa por el desempe\u00f1o de las selecciones nacionales de ambos pa\u00edses.<\/p>\n","protected":false},"excerpt":{"rendered":"<p>La presidenta de M\u00e9xico, Claudia Sheinbaum, mantuvo una conversaci\u00f3n telef\u00f3nica este lunes por la noche con la primera ministra de Jap\u00f3n, Sanae Takaichi, en la&hellip;<\/p>\n","protected":false},"author":2,"featured_media":1283,"comment_status":"open","ping_status":"open","sticky":false,"template":"","format":"standard","meta":{"footnotes":""},"categories":[53,252],"tags":[13,965,476,516,1071,1070],"class_list":["post-1282","post","type-post","status-publish","format-standard","has-post-thumbnail","hentry","category-agenda-internacional","category-agenda-nacional","tag-claudia-sheinbaum","tag-comercio","tag-cooperacion","tag-inversion","tag-japon","tag-sanae-takaichi"],"_links":{"self":[{"href":"https:\/\/eldiariorepublicamx.com\/index.php?rest_route=\/wp\/v2\/posts\/1282","targetHints":{"allow":["GET"]}}],"collection":[{"href":"https:\/\/eldiariorepublicamx.com\/index.php?rest_route=\/wp\/v2\/posts"}],"about":[{"href":"https:\/\/eldiariorepublicamx.com\/index.php?rest_route=\/wp\/v2\/types\/post"}],"author":[{"embeddable":true,"href":"https:\/\/eldiariorepublicamx.com\/index.php?rest_route=\/wp\/v2\/users\/2"}],"replies":[{"embeddable":true,"href":"https:\/\/eldiariorepublicamx.com\/index.php?rest_route=%2Fwp%2Fv2%2Fcomments&post=1282"}],"version-history":[{"count":0,"href":"https:\/\/eldiariorepublicamx.com\/index.php?rest_route=\/wp\/v2\/posts\/1282\/revisions"}],"wp:featuredmedia":[{"embeddable":true,"href":"https:\/\/eldiariorepublicamx.com\/index.php?rest_route=\/wp\/v2\/media\/1283"}],"wp:attachment":[{"href":"https:\/\/eldiariorepublicamx.com\/index.php?rest_route=%2Fwp%2Fv2%2Fmedia&parent=1282"}],"wp:term":[{"taxonomy":"category","embeddable":true,"href":"https:\/\/eldiariorepublicamx.com\/index.php?rest_route=%2Fwp%2Fv2%2Fcategories&post=1282"},{"taxonomy":"post_tag","embeddable":true,"href":"https:\/\/eldiariorepublicamx.com\/index.php?rest_route=%2Fwp%2Fv2%2Ftags&post=1282"}],"curies":[{"name":"wp","href":"https:\/\/api.w.org\/{rel}","templated":true}]}}