{"id":1280,"date":"2026-04-21T08:26:02","date_gmt":"2026-04-21T14:26:02","guid":{"rendered":"https:\/\/eldiariorepublicamx.com\/?p=1280"},"modified":"2026-04-21T08:26:02","modified_gmt":"2026-04-21T14:26:02","slug":"presidenta-sheinbaum-expresa-solidaridad-tras-ataque-en-teotihuacan-que-dejo-victimas-extranjeras","status":"publish","type":"post","link":"https:\/\/eldiariorepublicamx.com\/?p=1280","title":{"rendered":"Presidenta Sheinbaum expresa solidaridad tras ataque en Teotihuac\u00e1n que dej\u00f3 v\u00edctimas extranjeras"},"content":{"rendered":"<p>La presidenta de M\u00e9xico, Claudia Sheinbaum Pardo, manifest\u00f3 su respaldo a los familiares de las personas afectadas por un tiroteo ocurrido en la Zona Arqueol\u00f3gica de Teotihuac\u00e1n el lunes 20 de abril de 2026. Durante sus declaraciones, la mandataria asegur\u00f3 que su administraci\u00f3n mantiene contacto con las v\u00edctimas y que se les brindar\u00e1 todo el apoyo necesario.<\/p>\n<h3>Declaraciones de la mandataria<\/h3>\n<p>Sheinbaum Pardo declar\u00f3: \u201cNuestra solidaridad con los familiares de la persona que perdi\u00f3 la vida y con todas las personas que est\u00e1n siendo atendidas en hospitales y vivieron esta situaci\u00f3n ayer\u201d. Adem\u00e1s, enfatiz\u00f3 que es una obligaci\u00f3n del gobierno \u201cseguir informando al pueblo de M\u00e9xico\u201d sobre los datos que se tienen.<\/p>\n<p>La presidenta detall\u00f3 que las autoridades est\u00e1n \u201cen coordinaci\u00f3n con la FGR\u201d y que la Secretar\u00eda de Relaciones Exteriores y los consulados participan para dar apoyo a los afectados.<\/p>\n<h3>Detalles del suceso violento<\/h3>\n<p>El incidente ocurri\u00f3 en la ma\u00f1ana del mencionado lunes, cuando un individuo dispar\u00f3 contra visitantes en la Pir\u00e1mide de la Luna, provocando p\u00e1nico y una estampida. El agresor fue posteriormente encontrado sin vida, y se investiga la posibilidad de un suicidio.<\/p>\n<p>El saldo de este hecho fue de al menos dos personas fallecidas: una turista de nacionalidad canadiense y el propio atacante. Adem\u00e1s, trece personas resultaron con heridas, de las cuales seis ya recibieron el alta m\u00e9dica.<\/p>\n<h3>Perfil de las v\u00edctimas y el agresor<\/h3>\n<p>De acuerdo con informaci\u00f3n del Gabinete de Seguridad, las trece personas trasladadas a hospitales son de distintas nacionalidades. Entre los lesionados se encuentran seis ciudadanos estadounidenses (cuatro mujeres y dos hombres), tres colombianos (incluyendo un menor), dos brasile\u00f1as, una canadiense y un ciudadano ruso.<\/p>\n<p>El presunto responsable fue identificado preliminarmente como Julio C\u00e9sar Jasso Ram\u00edrez, de 27 a\u00f1os y vecino de la Ciudad de M\u00e9xico, luego de que se encontrara una credencial de elector en el lugar de los hechos.<\/p>\n","protected":false},"excerpt":{"rendered":"<p>La presidenta de M\u00e9xico, Claudia Sheinbaum Pardo, manifest\u00f3 su respaldo a los familiares de las personas afectadas por un tiroteo ocurrido en la Zona Arqueol\u00f3gica&hellip;<\/p>\n","protected":false},"author":2,"featured_media":1281,"comment_status":"open","ping_status":"open","sticky":false,"template":"","format":"standard","meta":{"footnotes":""},"categories":[252,290],"tags":[1067,42,288,515,1066,1069,1068],"class_list":["post-1280","post","type-post","status-publish","format-standard","has-post-thumbnail","hentry","category-agenda-nacional","category-sociedad-y-cultura","tag-balacera","tag-seguridad","tag-sheinbaum","tag-solidaridad","tag-teotihuacan","tag-turistas","tag-victimas"],"_links":{"self":[{"href":"https:\/\/eldiariorepublicamx.com\/index.php?rest_route=\/wp\/v2\/posts\/1280","targetHints":{"allow":["GET"]}}],"collection":[{"href":"https:\/\/eldiariorepublicamx.com\/index.php?rest_route=\/wp\/v2\/posts"}],"about":[{"href":"https:\/\/eldiariorepublicamx.com\/index.php?rest_route=\/wp\/v2\/types\/post"}],"author":[{"embeddable":true,"href":"https:\/\/eldiariorepublicamx.com\/index.php?rest_route=\/wp\/v2\/users\/2"}],"replies":[{"embeddable":true,"href":"https:\/\/eldiariorepublicamx.com\/index.php?rest_route=%2Fwp%2Fv2%2Fcomments&post=1280"}],"version-history":[{"count":0,"href":"https:\/\/eldiariorepublicamx.com\/index.php?rest_route=\/wp\/v2\/posts\/1280\/revisions"}],"wp:featuredmedia":[{"embeddable":true,"href":"https:\/\/eldiariorepublicamx.com\/index.php?rest_route=\/wp\/v2\/media\/1281"}],"wp:attachment":[{"href":"https:\/\/eldiariorepublicamx.com\/index.php?rest_route=%2Fwp%2Fv2%2Fmedia&parent=1280"}],"wp:term":[{"taxonomy":"category","embeddable":true,"href":"https:\/\/eldiariorepublicamx.com\/index.php?rest_route=%2Fwp%2Fv2%2Fcategories&post=1280"},{"taxonomy":"post_tag","embeddable":true,"href":"https:\/\/eldiariorepublicamx.com\/index.php?rest_route=%2Fwp%2Fv2%2Ftags&post=1280"}],"curies":[{"name":"wp","href":"https:\/\/api.w.org\/{rel}","templated":true}]}}