{"id":1271,"date":"2026-04-20T16:30:00","date_gmt":"2026-04-20T22:30:00","guid":{"rendered":"https:\/\/eldiariorepublicamx.com\/?p=1271"},"modified":"2026-04-20T16:30:00","modified_gmt":"2026-04-20T22:30:00","slug":"claudia-sheinbaum-realiza-exitosa-gira-en-espana-y-lleva-el-discurso-de-paz-de-mexico-al-mundo","status":"publish","type":"post","link":"https:\/\/eldiariorepublicamx.com\/?p=1271","title":{"rendered":"Claudia Sheinbaum realiza exitosa gira en Espa\u00f1a y lleva el discurso de paz de M\u00e9xico al mundo"},"content":{"rendered":"\n<p>La presidenta <strong>Claudia Sheinbaum<\/strong> represent\u00f3 a M\u00e9xico en la <strong>Cumbre en Defensa de la Democracia<\/strong> celebrada en Barcelona, y su presencia dej\u00f3 huella: un mensaje de paz, soberan\u00eda y visi\u00f3n de futuro que reson\u00f3 entre los l\u00edderes del mundo.<\/p>\n\n\n\n<h3 class=\"wp-block-heading\"><strong>El mensaje que M\u00e9xico llev\u00f3 al mundo<\/strong><\/h3>\n\n\n\n<p>En el coraz\u00f3n de la cumbre, Sheinbaum lanz\u00f3 una propuesta que combin\u00f3 valent\u00eda pol\u00edtica y sensibilidad humana: que los pa\u00edses destinen <strong>el 10% de su presupuesto militar global a la reforestaci\u00f3n del planeta<\/strong>.<\/p>\n\n\n\n<p>&#8220;En vez de sembrar guerra, sembremos paz&#8221;, fueron sus palabras exactas.<\/p>\n\n\n\n<p>No es solo una frase bonita. Es una visi\u00f3n de M\u00e9xico para el mundo: un pa\u00eds que cree en el di\u00e1logo, en la naturaleza y en la cooperaci\u00f3n como herramientas m\u00e1s poderosas que las armas. La iniciativa propone convertir ese gasto en un <strong>Programa Global de Reforestaci\u00f3n<\/strong> que beneficiar\u00eda a comunidades enteras en todos los continentes.<\/p>\n\n\n\n<h3 class=\"wp-block-heading\"><strong>La postura de M\u00e9xico frente a Cuba: firme y con principios<\/strong><\/h3>\n\n\n\n<p>Sheinbaum tambi\u00e9n impuls\u00f3 en la cumbre una <strong>declaraci\u00f3n internacional contra cualquier intervenci\u00f3n militar en Cuba<\/strong>, coherente con la hist\u00f3rica postura mexicana de no intervenci\u00f3n y autodeterminaci\u00f3n de los pueblos. M\u00e9xico adem\u00e1s mantiene canales de <strong>ayuda humanitaria a Cuba<\/strong> a trav\u00e9s de AMEXCID y trabaja en nuevos acuerdos de cooperaci\u00f3n.<\/p>\n\n\n\n<h3 class=\"wp-block-heading\"><strong>Tecnolog\u00eda, ciencia y reuniones con l\u00edderes latinoamericanos<\/strong><\/h3>\n\n\n\n<p>La agenda bilateral incluy\u00f3 reuniones con los presidentes de <strong>Espa\u00f1a, Uruguay, Brasil y Colombia<\/strong>, consolidando la coordinaci\u00f3n regional. La presidenta tambi\u00e9n visit\u00f3 el <strong>Centro Nacional de Supercomputaci\u00f3n de Barcelona<\/strong> para avanzar en el desarrollo de <strong>Coatlicue<\/strong>, la supercomputadora mexicana que refuerza la soberan\u00eda tecnol\u00f3gica del pa\u00eds.<\/p>\n\n\n\n<p>El canciller <strong>Roberto Velasco<\/strong> se encuentra en <strong>Bruselas<\/strong> preparando la pr\u00f3xima visita de la <strong>Uni\u00f3n Europea a M\u00e9xico en mayo<\/strong>, donde se contemplan acuerdos comerciales de alto impacto. M\u00e9xico no solo habla de paz: la construye, acuerdo por acuerdo.<\/p>\n","protected":false},"excerpt":{"rendered":"<p>La presidenta Claudia Sheinbaum represent\u00f3 a M\u00e9xico en la Cumbre en Defensa de la Democracia celebrada en Barcelona, y su presencia dej\u00f3 huella: un mensaje&hellip;<\/p>\n","protected":false},"author":5,"featured_media":1272,"comment_status":"open","ping_status":"open","sticky":false,"template":"","format":"standard","meta":{"footnotes":""},"categories":[252],"tags":[13,45,18],"class_list":["post-1271","post","type-post","status-publish","format-standard","has-post-thumbnail","hentry","category-agenda-nacional","tag-claudia-sheinbaum","tag-mexico","tag-morena"],"_links":{"self":[{"href":"https:\/\/eldiariorepublicamx.com\/index.php?rest_route=\/wp\/v2\/posts\/1271","targetHints":{"allow":["GET"]}}],"collection":[{"href":"https:\/\/eldiariorepublicamx.com\/index.php?rest_route=\/wp\/v2\/posts"}],"about":[{"href":"https:\/\/eldiariorepublicamx.com\/index.php?rest_route=\/wp\/v2\/types\/post"}],"author":[{"embeddable":true,"href":"https:\/\/eldiariorepublicamx.com\/index.php?rest_route=\/wp\/v2\/users\/5"}],"replies":[{"embeddable":true,"href":"https:\/\/eldiariorepublicamx.com\/index.php?rest_route=%2Fwp%2Fv2%2Fcomments&post=1271"}],"version-history":[{"count":1,"href":"https:\/\/eldiariorepublicamx.com\/index.php?rest_route=\/wp\/v2\/posts\/1271\/revisions"}],"predecessor-version":[{"id":1273,"href":"https:\/\/eldiariorepublicamx.com\/index.php?rest_route=\/wp\/v2\/posts\/1271\/revisions\/1273"}],"wp:featuredmedia":[{"embeddable":true,"href":"https:\/\/eldiariorepublicamx.com\/index.php?rest_route=\/wp\/v2\/media\/1272"}],"wp:attachment":[{"href":"https:\/\/eldiariorepublicamx.com\/index.php?rest_route=%2Fwp%2Fv2%2Fmedia&parent=1271"}],"wp:term":[{"taxonomy":"category","embeddable":true,"href":"https:\/\/eldiariorepublicamx.com\/index.php?rest_route=%2Fwp%2Fv2%2Fcategories&post=1271"},{"taxonomy":"post_tag","embeddable":true,"href":"https:\/\/eldiariorepublicamx.com\/index.php?rest_route=%2Fwp%2Fv2%2Ftags&post=1271"}],"curies":[{"name":"wp","href":"https:\/\/api.w.org\/{rel}","templated":true}]}}