{"id":1269,"date":"2026-04-20T12:30:25","date_gmt":"2026-04-20T18:30:25","guid":{"rendered":"https:\/\/eldiariorepublicamx.com\/?p=1269"},"modified":"2026-04-20T12:30:25","modified_gmt":"2026-04-20T18:30:25","slug":"sheinbaum-anticipa-inauguracion-del-puente-nichupte-en-cancun-durante-la-conferencia-matutina","status":"publish","type":"post","link":"https:\/\/eldiariorepublicamx.com\/?p=1269","title":{"rendered":"Sheinbaum anticipa inauguraci\u00f3n del Puente Nichupt\u00e9 en Canc\u00fan durante la conferencia matutina"},"content":{"rendered":"<p>La presidenta Claudia Sheinbaum anunci\u00f3 este lunes en su conferencia de prensa habitual que la inauguraci\u00f3n del Puente sobre la Laguna Nichupt\u00e9 en Canc\u00fan est\u00e1 programada para los primeros d\u00edas de mayo. La mandataria se\u00f1al\u00f3 que el evento podr\u00eda realizarse el viernes 1 o el s\u00e1bado 2 de ese mes.<\/p>\n<p>&#8220;Todav\u00eda no tenemos claro d\u00f3nde vamos a estar viernes y s\u00e1bado, pero el otro fin de semana (1-2 de mayo) probablemente estaremos en el (puente) Nichupt\u00e9, abriendo el puente de Canc\u00fan\u2026&#8221;, inform\u00f3 Sheinbaum durante su intervenci\u00f3n.<\/p>\n<h3>Avances en la obra y proyecto complementario<\/h3>\n<p>La gobernadora de Quintana Roo, Mara Lezama Espinosa, report\u00f3 en sus cuentas oficiales que la megaobra se encuentra en su fase de acabados finales, con trabajos de balizamiento y pruebas de carga en marcha. Asimismo, confirm\u00f3 el inicio de las labores para construir el puente Kukulc\u00e1n en uno de los extremos del proyecto principal.<\/p>\n<p>Esta obra adicional, de car\u00e1cter estrat\u00e9gico, busca reforzar la conectividad en la zona y consolidar el crecimiento de Canc\u00fan como uno de los destinos tur\u00edsticos m\u00e1s relevantes del pa\u00eds.<\/p>\n<h3>Caracter\u00edsticas y beneficios de la nueva infraestructura<\/h3>\n<p>El Puente Vehicular Nichupt\u00e9 es una infraestructura clave de 8.8 kil\u00f3metros de longitud, que se extiende a 11.2 kil\u00f3metros incluyendo sus accesos. Su prop\u00f3sito es conectar el centro de la ciudad de Canc\u00fan con la Zona Hotelera.<\/p>\n<p>Se estima que los conductores podr\u00e1n ahorrar hasta 55 minutos de tiempo de traslado en ambos sentidos una vez que la obra est\u00e9 en pleno funcionamiento.<\/p>\n","protected":false},"excerpt":{"rendered":"<p>La presidenta Claudia Sheinbaum anunci\u00f3 este lunes en su conferencia de prensa habitual que la inauguraci\u00f3n del Puente sobre la Laguna Nichupt\u00e9 en Canc\u00fan est\u00e1&hellip;<\/p>\n","protected":false},"author":2,"featured_media":1270,"comment_status":"open","ping_status":"open","sticky":false,"template":"","format":"standard","meta":{"footnotes":""},"categories":[251],"tags":[194,13,542,196,195,193,111],"class_list":["post-1269","post","type-post","status-publish","format-standard","has-post-thumbnail","hentry","category-la-mananera-en-breve","tag-cancun","tag-claudia-sheinbaum","tag-inauguracion","tag-infraestructura","tag-mara-lezama","tag-puente-nichupte","tag-quintana-roo"],"_links":{"self":[{"href":"https:\/\/eldiariorepublicamx.com\/index.php?rest_route=\/wp\/v2\/posts\/1269","targetHints":{"allow":["GET"]}}],"collection":[{"href":"https:\/\/eldiariorepublicamx.com\/index.php?rest_route=\/wp\/v2\/posts"}],"about":[{"href":"https:\/\/eldiariorepublicamx.com\/index.php?rest_route=\/wp\/v2\/types\/post"}],"author":[{"embeddable":true,"href":"https:\/\/eldiariorepublicamx.com\/index.php?rest_route=\/wp\/v2\/users\/2"}],"replies":[{"embeddable":true,"href":"https:\/\/eldiariorepublicamx.com\/index.php?rest_route=%2Fwp%2Fv2%2Fcomments&post=1269"}],"version-history":[{"count":0,"href":"https:\/\/eldiariorepublicamx.com\/index.php?rest_route=\/wp\/v2\/posts\/1269\/revisions"}],"wp:featuredmedia":[{"embeddable":true,"href":"https:\/\/eldiariorepublicamx.com\/index.php?rest_route=\/wp\/v2\/media\/1270"}],"wp:attachment":[{"href":"https:\/\/eldiariorepublicamx.com\/index.php?rest_route=%2Fwp%2Fv2%2Fmedia&parent=1269"}],"wp:term":[{"taxonomy":"category","embeddable":true,"href":"https:\/\/eldiariorepublicamx.com\/index.php?rest_route=%2Fwp%2Fv2%2Fcategories&post=1269"},{"taxonomy":"post_tag","embeddable":true,"href":"https:\/\/eldiariorepublicamx.com\/index.php?rest_route=%2Fwp%2Fv2%2Ftags&post=1269"}],"curies":[{"name":"wp","href":"https:\/\/api.w.org\/{rel}","templated":true}]}}