{"id":1267,"date":"2026-04-20T12:30:23","date_gmt":"2026-04-20T18:30:23","guid":{"rendered":"https:\/\/eldiariorepublicamx.com\/?p=1267"},"modified":"2026-04-20T12:30:23","modified_gmt":"2026-04-20T18:30:23","slug":"presidenta-sheinbaum-celebra-que-mexico-haya-salido-del-primer-sitio-mundial-en-obesidad-infantil-durante-su-conferencia-matutina","status":"publish","type":"post","link":"https:\/\/eldiariorepublicamx.com\/?p=1267","title":{"rendered":"Presidenta Sheinbaum celebra que M\u00e9xico haya salido del primer sitio mundial en obesidad infantil durante su conferencia matutina"},"content":{"rendered":"<p>Durante su conferencia de prensa matutina este lunes 20 de abril de 2026, la presidenta Claudia Sheinbaum celebr\u00f3 un avance trascendental para la salud p\u00fablica del pa\u00eds: M\u00e9xico ha dejado de ocupar el primer puesto mundial en obesidad infantil, descendiendo hasta la octava posici\u00f3n.<\/p>\n<h3>Pol\u00edticas escolares dan resultados<\/h3>\n<p>La mandataria atribuy\u00f3 este logro hist\u00f3rico a las pol\u00edticas implementadas dentro de las escuelas, las cuales han buscado reducir dr\u00e1sticamente el consumo de az\u00facar entre los estudiantes. Entre las medidas clave destac\u00f3 la eliminaci\u00f3n de refrescos y dulces en los planteles educativos.<\/p>\n<p>&#8220;M\u00e9xico deja el primer lugar en obesidad infantil y pasa al octavo, es muy importante&#8221;, declar\u00f3 Sheinbaum, enfatizando la relevancia de este cambio en el panorama internacional.<\/p>\n<h3>Un enfoque de prevenci\u00f3n y moderaci\u00f3n<\/h3>\n<p>La presidenta explic\u00f3 que el objetivo no es la prohibici\u00f3n absoluta, sino la moderaci\u00f3n para proteger la salud a largo plazo de las nuevas generaciones. &#8220;Las horas que est\u00e9n en la escuela, no ingieran mucho az\u00facar&#8230; el abuso de estos productos genera problemas en la salud, si no de manera inmediata, s\u00ed a lo largo de la vida&#8221;, afirm\u00f3.<\/p>\n<p>Recalc\u00f3 que esta estrategia busca prevenir enfermedades cr\u00f3nicas como la diabetes y la hipertensi\u00f3n desde la infancia. Adem\u00e1s, se\u00f1al\u00f3 que los beneficios de estas acciones han trascendido el \u00e1mbito escolar, impactando positivamente los h\u00e1bitos alimenticios de las familias en todo el pa\u00eds.<\/p>\n","protected":false},"excerpt":{"rendered":"<p>Durante su conferencia de prensa matutina este lunes 20 de abril de 2026, la presidenta Claudia Sheinbaum celebr\u00f3 un avance trascendental para la salud p\u00fablica&hellip;<\/p>\n","protected":false},"author":2,"featured_media":1268,"comment_status":"open","ping_status":"open","sticky":false,"template":"","format":"standard","meta":{"footnotes":""},"categories":[251],"tags":[1064,1062,1065,1063,288],"class_list":["post-1267","post","type-post","status-publish","format-standard","has-post-thumbnail","hentry","category-la-mananera-en-breve","tag-azucar","tag-obesidad-infantil","tag-politicas-publicas","tag-salud-escolar","tag-sheinbaum"],"_links":{"self":[{"href":"https:\/\/eldiariorepublicamx.com\/index.php?rest_route=\/wp\/v2\/posts\/1267","targetHints":{"allow":["GET"]}}],"collection":[{"href":"https:\/\/eldiariorepublicamx.com\/index.php?rest_route=\/wp\/v2\/posts"}],"about":[{"href":"https:\/\/eldiariorepublicamx.com\/index.php?rest_route=\/wp\/v2\/types\/post"}],"author":[{"embeddable":true,"href":"https:\/\/eldiariorepublicamx.com\/index.php?rest_route=\/wp\/v2\/users\/2"}],"replies":[{"embeddable":true,"href":"https:\/\/eldiariorepublicamx.com\/index.php?rest_route=%2Fwp%2Fv2%2Fcomments&post=1267"}],"version-history":[{"count":0,"href":"https:\/\/eldiariorepublicamx.com\/index.php?rest_route=\/wp\/v2\/posts\/1267\/revisions"}],"wp:featuredmedia":[{"embeddable":true,"href":"https:\/\/eldiariorepublicamx.com\/index.php?rest_route=\/wp\/v2\/media\/1268"}],"wp:attachment":[{"href":"https:\/\/eldiariorepublicamx.com\/index.php?rest_route=%2Fwp%2Fv2%2Fmedia&parent=1267"}],"wp:term":[{"taxonomy":"category","embeddable":true,"href":"https:\/\/eldiariorepublicamx.com\/index.php?rest_route=%2Fwp%2Fv2%2Fcategories&post=1267"},{"taxonomy":"post_tag","embeddable":true,"href":"https:\/\/eldiariorepublicamx.com\/index.php?rest_route=%2Fwp%2Fv2%2Ftags&post=1267"}],"curies":[{"name":"wp","href":"https:\/\/api.w.org\/{rel}","templated":true}]}}