{"id":1263,"date":"2026-04-20T12:30:21","date_gmt":"2026-04-20T18:30:21","guid":{"rendered":"https:\/\/eldiariorepublicamx.com\/?p=1263"},"modified":"2026-04-20T12:30:21","modified_gmt":"2026-04-20T18:30:21","slug":"mandataria-mexicana-celebra-exito-diplomatico-en-cumbre-europea-y-anuncia-proxima-sede-en-mexico","status":"publish","type":"post","link":"https:\/\/eldiariorepublicamx.com\/?p=1263","title":{"rendered":"Mandataria mexicana celebra \u00e9xito diplom\u00e1tico en cumbre europea y anuncia pr\u00f3xima sede en M\u00e9xico"},"content":{"rendered":"<p>La presidenta Claudia Sheinbaum declar\u00f3 este lunes que la participaci\u00f3n de M\u00e9xico en la IV Cumbre en Defensa de la Democracia en Espa\u00f1a fue exitosa, logrando reconocimiento internacional y la aceptaci\u00f3n de sus propuestas, entre las que destaca que la pr\u00f3xima edici\u00f3n del evento se realizar\u00e1 en territorio nacional.<\/p>\n<h3>Evaluaci\u00f3n positiva de la gira europea<\/h3>\n<p>Tras un breve viaje a Espa\u00f1a, la mandataria federal retom\u00f3 sus actividades p\u00fablicas con una conferencia de prensa donde present\u00f3 un balance de su primera visita oficial a Europa. Sheinbaum resalt\u00f3 que en su intervenci\u00f3n en la cumbre destac\u00f3 los or\u00edgenes y la grandeza de las civilizaciones mexicanas, rechazando la visi\u00f3n colonialista. &#8220;Somos parte de un solo pa\u00eds. Hay que reconocer la grandeza de los pueblos y no esta visi\u00f3n de que con el descubrimiento de Am\u00e9rica o la Conquista llegaron a civilizarnos, eso es lo primero&#8221;, coment\u00f3.<\/p>\n<h3>Sinton\u00eda con l\u00edderes progresistas<\/h3>\n<p>La presidenta expres\u00f3 su coincidencia con el mensaje del presidente del gobierno espa\u00f1ol, Pedro S\u00e1nchez, quien afirm\u00f3 que el tiempo de la derecha se acaba porque representa &#8220;odio&#8221;, &#8220;discriminaci\u00f3n&#8221; y &#8220;racismo&#8221;. Sheinbaum ampli\u00f3 esta idea: &#8220;La derecha es odio, la derecha es la discriminaci\u00f3n, la derecha es del clasismo, la derecha es el racismo, la derecha es la represi\u00f3n. Supuestamente hablan de libertad, pero es la libertad de unos cuantos frente al abandono de muchos y por otro lado est\u00e1 el amor, la solidaridad, la fraternidad, la inclusi\u00f3n, el por el bien de todos primero los pobres, la prosperidad compartida&#8221;.<\/p>\n<h3>Acuerdos bilaterales y propuestas aceptadas<\/h3>\n<p>Durante su estad\u00eda, Sheinbaum sostuvo reuniones bilaterales con Pedro S\u00e1nchez y con el presidente de Uruguay, Yamand\u00fa Orsi, adem\u00e1s de encuentros con los mandatarios de Brasil, Luiz In\u00e1cio Lula da Silva, y Colombia, Gustavo Petro. Celebr\u00f3 que las conclusiones de la cumbre integraran las propuestas presentadas por M\u00e9xico, incluyendo la soluci\u00f3n pac\u00edfica de conflictos y la reorientaci\u00f3n de recursos del militarismo hacia la reforestaci\u00f3n y la generaci\u00f3n de empleo. &#8220;Tambi\u00e9n la propuesta de que la siguiente Cumbre se haga en M\u00e9xico y que tenga como esencia la econom\u00eda para el bienestar y la cooperaci\u00f3n para el desarrollo&#8221;, a\u00f1adi\u00f3.<\/p>\n<h3>Fortalecimiento de lazos culturales<\/h3>\n<p>Inform\u00f3 que en su encuentro con S\u00e1nchez se acord\u00f3 continuar enviando material para exposiciones en Europa, particularmente sobre los pueblos originarios y los abusos de la conquista, un v\u00ednculo cultural y educativo que fue reconocido incluso por el Rey de Espa\u00f1a. Sobre la amplia aceptaci\u00f3n de los gobiernos transformadores en M\u00e9xico, Sheinbaum se\u00f1al\u00f3: &#8220;En M\u00e9xico tienen una gran aceptaci\u00f3n los gobiernos de la transformaci\u00f3n porque representan eso y al final, como lo dije, somos gobiernos del pueblo. (Abraham) Lincoln dec\u00eda democracia. Son los gobiernos del pueblo por el pueblo y para el pueblo, no los gobiernos de la \u00e9lite por la \u00e9lite y para las \u00e9lites&#8221;.<\/p>\n","protected":false},"excerpt":{"rendered":"<p>La presidenta Claudia Sheinbaum declar\u00f3 este lunes que la participaci\u00f3n de M\u00e9xico en la IV Cumbre en Defensa de la Democracia en Espa\u00f1a fue exitosa,&hellip;<\/p>\n","protected":false},"author":2,"featured_media":1264,"comment_status":"open","ping_status":"open","sticky":false,"template":"","format":"standard","meta":{"footnotes":""},"categories":[53,252],"tags":[13,966,650,846,1060],"class_list":["post-1263","post","type-post","status-publish","format-standard","has-post-thumbnail","hentry","category-agenda-internacional","category-agenda-nacional","tag-claudia-sheinbaum","tag-cumbre-democracia","tag-espana","tag-pedro-sanchez","tag-propuestas-mexico"],"_links":{"self":[{"href":"https:\/\/eldiariorepublicamx.com\/index.php?rest_route=\/wp\/v2\/posts\/1263","targetHints":{"allow":["GET"]}}],"collection":[{"href":"https:\/\/eldiariorepublicamx.com\/index.php?rest_route=\/wp\/v2\/posts"}],"about":[{"href":"https:\/\/eldiariorepublicamx.com\/index.php?rest_route=\/wp\/v2\/types\/post"}],"author":[{"embeddable":true,"href":"https:\/\/eldiariorepublicamx.com\/index.php?rest_route=\/wp\/v2\/users\/2"}],"replies":[{"embeddable":true,"href":"https:\/\/eldiariorepublicamx.com\/index.php?rest_route=%2Fwp%2Fv2%2Fcomments&post=1263"}],"version-history":[{"count":0,"href":"https:\/\/eldiariorepublicamx.com\/index.php?rest_route=\/wp\/v2\/posts\/1263\/revisions"}],"wp:featuredmedia":[{"embeddable":true,"href":"https:\/\/eldiariorepublicamx.com\/index.php?rest_route=\/wp\/v2\/media\/1264"}],"wp:attachment":[{"href":"https:\/\/eldiariorepublicamx.com\/index.php?rest_route=%2Fwp%2Fv2%2Fmedia&parent=1263"}],"wp:term":[{"taxonomy":"category","embeddable":true,"href":"https:\/\/eldiariorepublicamx.com\/index.php?rest_route=%2Fwp%2Fv2%2Fcategories&post=1263"},{"taxonomy":"post_tag","embeddable":true,"href":"https:\/\/eldiariorepublicamx.com\/index.php?rest_route=%2Fwp%2Fv2%2Ftags&post=1263"}],"curies":[{"name":"wp","href":"https:\/\/api.w.org\/{rel}","templated":true}]}}