{"id":1257,"date":"2026-04-20T12:30:09","date_gmt":"2026-04-20T18:30:09","guid":{"rendered":"https:\/\/eldiariorepublicamx.com\/?p=1257"},"modified":"2026-04-20T12:30:09","modified_gmt":"2026-04-20T18:30:09","slug":"presidenta-sheinbaum-confirma-inauguracion-del-tren-suburbano-buenavista-aifa-para-este-domingo","status":"publish","type":"post","link":"https:\/\/eldiariorepublicamx.com\/?p=1257","title":{"rendered":"Presidenta Sheinbaum confirma inauguraci\u00f3n del Tren Suburbano Buenavista-AIFA para este domingo"},"content":{"rendered":"<p>La presidenta Claudia Sheinbaum anunci\u00f3 que el Tren Suburbano que conectar\u00e1 Buenavista con el Aeropuerto Internacional Felipe \u00c1ngeles (AIFA) ser\u00e1 inaugurado oficialmente el pr\u00f3ximo domingo 26 de abril. La mandataria dio a conocer la fecha durante su conferencia de prensa matutina del lunes 20 de abril, confirmando que la obra est\u00e1 lista para su puesta en marcha.<\/p>\n<h3>Confirmaci\u00f3n oficial del inicio de operaciones<\/h3>\n<p>&#8220;Ya, ya est\u00e1 listo, el domingo se inaugura el tren al Aeropuerto Internacional Felipe \u00c1ngeles (AIFA)&#8221;, declar\u00f3 Sheinbaum. La secretaria de Gobernaci\u00f3n, Rosa Icela Rodr\u00edguez, hab\u00eda adelantado en la conferencia del viernes que todo estaba preparado para la inauguraci\u00f3n, la cual se posterg\u00f3 para esperar el regreso de la presidenta de un viaje a Barcelona.<\/p>\n<p>Rodr\u00edguez indic\u00f3 que originalmente se contemplaba realizar la apertura el fin de semana pasado, pero se decidi\u00f3 esperar a la jefa del Ejecutivo para la oficializaci\u00f3n del evento.<\/p>\n<h3>Caracter\u00edsticas y alcance del proyecto ferroviario<\/h3>\n<p>El proyecto consiste en una ampliaci\u00f3n de 23 kil\u00f3metros del sistema existente del Tren Suburbano, partiendo desde la estaci\u00f3n Lecher\u00eda y atravesando varios municipios del Estado de M\u00e9xico hasta llegar al terminal a\u00e9reo. Esta extensi\u00f3n contar\u00e1 con seis nuevas estaciones y permitir\u00e1 un viaje sin transbordos desde el centro de la Ciudad de M\u00e9xico al AIFA en aproximadamente 39 minutos.<\/p>\n<p>La obra fue concluida por ingenieros de la Secretar\u00eda de la Defensa Nacional (Sedena), quienes estuvieron a cargo de la construcci\u00f3n de paraderos, puentes, accesos peatonales y la instalaci\u00f3n de las v\u00edas. Se utilizaron materiales como mil 500 toneladas de acero y 50 mil metros c\u00fabicos de concreto.<\/p>\n<h3>Capacidad operativa y beneficios esperados<\/h3>\n<p>Se prev\u00e9 que la l\u00ednea tenga capacidad para transportar hasta 82 mil personas diariamente, con un intervalo de 10 minutos entre trenes y un horario de servicio de 5:00 a 00:30 horas. El acceso se realizar\u00e1 mediante la Tarjeta de Movilidad Integrada.<\/p>\n<p>La puesta en operaci\u00f3n de este ramal busca facilitar el transporte de pasajeros y turistas, ofreciendo una alternativa masiva y segura al traslado por carretera, adem\u00e1s de funcionar como un motor de desarrollo log\u00edstico y econ\u00f3mico para la zona. La presidenta Sheinbaum hab\u00eda asegurado semanas atr\u00e1s que la inauguraci\u00f3n ocurrir\u00eda durante las vacaciones de Semana Santa, pero se pospuso para completar las pruebas finales de operaci\u00f3n.<\/p>\n","protected":false},"excerpt":{"rendered":"<p>La presidenta Claudia Sheinbaum anunci\u00f3 que el Tren Suburbano que conectar\u00e1 Buenavista con el Aeropuerto Internacional Felipe \u00c1ngeles (AIFA) ser\u00e1 inaugurado oficialmente el pr\u00f3ximo domingo&hellip;<\/p>\n","protected":false},"author":2,"featured_media":1258,"comment_status":"open","ping_status":"open","sticky":false,"template":"","format":"standard","meta":{"footnotes":""},"categories":[252,52],"tags":[541,542,196,288,1056],"class_list":["post-1257","post","type-post","status-publish","format-standard","has-post-thumbnail","hentry","category-agenda-nacional","category-economia","tag-aifa","tag-inauguracion","tag-infraestructura","tag-sheinbaum","tag-tren-suburbano"],"_links":{"self":[{"href":"https:\/\/eldiariorepublicamx.com\/index.php?rest_route=\/wp\/v2\/posts\/1257","targetHints":{"allow":["GET"]}}],"collection":[{"href":"https:\/\/eldiariorepublicamx.com\/index.php?rest_route=\/wp\/v2\/posts"}],"about":[{"href":"https:\/\/eldiariorepublicamx.com\/index.php?rest_route=\/wp\/v2\/types\/post"}],"author":[{"embeddable":true,"href":"https:\/\/eldiariorepublicamx.com\/index.php?rest_route=\/wp\/v2\/users\/2"}],"replies":[{"embeddable":true,"href":"https:\/\/eldiariorepublicamx.com\/index.php?rest_route=%2Fwp%2Fv2%2Fcomments&post=1257"}],"version-history":[{"count":0,"href":"https:\/\/eldiariorepublicamx.com\/index.php?rest_route=\/wp\/v2\/posts\/1257\/revisions"}],"wp:featuredmedia":[{"embeddable":true,"href":"https:\/\/eldiariorepublicamx.com\/index.php?rest_route=\/wp\/v2\/media\/1258"}],"wp:attachment":[{"href":"https:\/\/eldiariorepublicamx.com\/index.php?rest_route=%2Fwp%2Fv2%2Fmedia&parent=1257"}],"wp:term":[{"taxonomy":"category","embeddable":true,"href":"https:\/\/eldiariorepublicamx.com\/index.php?rest_route=%2Fwp%2Fv2%2Fcategories&post=1257"},{"taxonomy":"post_tag","embeddable":true,"href":"https:\/\/eldiariorepublicamx.com\/index.php?rest_route=%2Fwp%2Fv2%2Ftags&post=1257"}],"curies":[{"name":"wp","href":"https:\/\/api.w.org\/{rel}","templated":true}]}}