{"id":1255,"date":"2026-04-20T12:30:08","date_gmt":"2026-04-20T18:30:08","guid":{"rendered":"https:\/\/eldiariorepublicamx.com\/?p=1255"},"modified":"2026-04-20T12:30:08","modified_gmt":"2026-04-20T18:30:08","slug":"presidenta-sheinbaum-cuestiona-incremento-de-diesel-y-convoca-a-encuentro-con-distribuidores","status":"publish","type":"post","link":"https:\/\/eldiariorepublicamx.com\/?p=1255","title":{"rendered":"Presidenta Sheinbaum cuestiona incremento de di\u00e9sel y convoca a encuentro con distribuidores"},"content":{"rendered":"<p>La jefa del Ejecutivo federal, Claudia Sheinbaum, se manifest\u00f3 en contra del reciente encarecimiento del di\u00e9sel durante su conferencia de prensa matutina del lunes en Palacio Nacional, se\u00f1alando que no hay motivos v\u00e1lidos para dicho aumento gracias a los beneficios fiscales y apoyos otorgados por su gobierno.<\/p>\n<h3>Acciones de supervisi\u00f3n y advertencias<\/h3>\n<p>Advirti\u00f3 que las estaciones de servicio que comercialicen el combustible por arriba de los precios de referencia ser\u00e1n objeto de inspecci\u00f3n por parte del Servicio de Administraci\u00f3n Tributaria y otras dependencias federales. La mandataria confirm\u00f3 que este martes se llevar\u00e1 a cabo una nueva junta con representantes del sector gasolinero para analizar la evoluci\u00f3n de los costos y fortalecer los pactos existentes que buscan evitar alzas sin fundamento.<\/p>\n<blockquote><p>\u201cSe est\u00e1 dando un apoyo en la disminuci\u00f3n del IEPS basado en una f\u00f3rmula\u2026 se est\u00e1n destinando subsidios y sin embargo muchos gasolineros est\u00e1n poniendo el di\u00e9sel muy alto\u201d, se\u00f1al\u00f3.<\/p><\/blockquote>\n<h3>Medidas en curso y pr\u00f3ximos pasos<\/h3>\n<p>Sheinbaum detall\u00f3 que ya se est\u00e1n implementando acciones de vigilancia, como la instalaci\u00f3n de mantas informativas en los establecimientos que no respetan las tarifas acordadas, aunque anunci\u00f3 que se incrementar\u00e1n las revisiones. <\/p>\n<blockquote><p>\u201cDecirles a los consumidores que carguen donde est\u00e1 el precio accesible. Ma\u00f1ana nos reunimos y no pueden estarse pasando, representa un impacto a todo el transporte de mercanc\u00edas\u201d, enfatiz\u00f3.<\/p><\/blockquote>\n<p>Para concluir, reiter\u00f3 que su administraci\u00f3n colabora con la Secretar\u00eda de Hacienda y Cr\u00e9dito P\u00fablico con el objetivo de encontrar mecanismos para abaratar a\u00fan m\u00e1s el di\u00e9sel y prevenir da\u00f1os a la econom\u00eda nacional.<\/p>\n","protected":false},"excerpt":{"rendered":"<p>La jefa del Ejecutivo federal, Claudia Sheinbaum, se manifest\u00f3 en contra del reciente encarecimiento del di\u00e9sel durante su conferencia de prensa matutina del lunes en&hellip;<\/p>\n","protected":false},"author":2,"featured_media":1256,"comment_status":"open","ping_status":"open","sticky":false,"template":"","format":"standard","meta":{"footnotes":""},"categories":[252,52],"tags":[13,356,358,743,1055],"class_list":["post-1255","post","type-post","status-publish","format-standard","has-post-thumbnail","hentry","category-agenda-nacional","category-economia","tag-claudia-sheinbaum","tag-diesel","tag-gasolineros","tag-precios","tag-sat"],"_links":{"self":[{"href":"https:\/\/eldiariorepublicamx.com\/index.php?rest_route=\/wp\/v2\/posts\/1255","targetHints":{"allow":["GET"]}}],"collection":[{"href":"https:\/\/eldiariorepublicamx.com\/index.php?rest_route=\/wp\/v2\/posts"}],"about":[{"href":"https:\/\/eldiariorepublicamx.com\/index.php?rest_route=\/wp\/v2\/types\/post"}],"author":[{"embeddable":true,"href":"https:\/\/eldiariorepublicamx.com\/index.php?rest_route=\/wp\/v2\/users\/2"}],"replies":[{"embeddable":true,"href":"https:\/\/eldiariorepublicamx.com\/index.php?rest_route=%2Fwp%2Fv2%2Fcomments&post=1255"}],"version-history":[{"count":0,"href":"https:\/\/eldiariorepublicamx.com\/index.php?rest_route=\/wp\/v2\/posts\/1255\/revisions"}],"wp:featuredmedia":[{"embeddable":true,"href":"https:\/\/eldiariorepublicamx.com\/index.php?rest_route=\/wp\/v2\/media\/1256"}],"wp:attachment":[{"href":"https:\/\/eldiariorepublicamx.com\/index.php?rest_route=%2Fwp%2Fv2%2Fmedia&parent=1255"}],"wp:term":[{"taxonomy":"category","embeddable":true,"href":"https:\/\/eldiariorepublicamx.com\/index.php?rest_route=%2Fwp%2Fv2%2Fcategories&post=1255"},{"taxonomy":"post_tag","embeddable":true,"href":"https:\/\/eldiariorepublicamx.com\/index.php?rest_route=%2Fwp%2Fv2%2Ftags&post=1255"}],"curies":[{"name":"wp","href":"https:\/\/api.w.org\/{rel}","templated":true}]}}